{"id":1087,"count":1,"description":"Veste de moto\nTrouvez des produits et des conseils adapt\u00e9s pour prendre soin de votre veste de moto.","link":"https:\/\/tapir.de\/fr\/tag\/veste-de-moto\/","name":"Veste de moto","slug":"veste-de-moto","taxonomy":"post_tag","meta":[],"yoast_head":"<!-- This site is optimized with the Yoast SEO plugin v27.5 - https:\/\/yoast.com\/product\/yoast-seo-wordpress\/ -->\n<title>Veste de moto - Tapir Wachswaren<\/title>\n<meta name=\"description\" content=\"Prenez soin de votre veste de moto de mani\u00e8re durable et efficace gr\u00e2ce \u00e0 nos produits de soins du cuir naturel chez Tapir. Pour la brillance et le cuir bien nourri.\" \/>\n<meta name=\"robots\" content=\"index, follow, max-snippet:-1, max-image-preview:large, max-video-preview:-1\" \/>\n<link rel=\"canonical\" href=\"https:\/\/tapir.de\/fr\/tag\/veste-de-moto\/\" \/>\n<meta property=\"og:locale\" content=\"fr_FR\" \/>\n<meta property=\"og:type\" content=\"article\" \/>\n<meta property=\"og:title\" content=\"Veste de moto - Tapir Wachswaren\" \/>\n<meta property=\"og:description\" content=\"Prenez soin de votre veste de moto de mani\u00e8re durable et efficace gr\u00e2ce \u00e0 nos produits de soins du cuir naturel chez Tapir. Pour la brillance et le cuir bien nourri.\" \/>\n<meta property=\"og:url\" content=\"https:\/\/tapir.de\/fr\/tag\/veste-de-moto\/\" \/>\n<meta property=\"og:site_name\" content=\"Tapir Wachswaren\" \/>\n<meta name=\"twitter:card\" content=\"summary_large_image\" \/>\n<script type=\"application\/ld+json\" class=\"yoast-schema-graph\">{\"@context\":\"https:\\\/\\\/schema.org\",\"@graph\":[{\"@type\":\"CollectionPage\",\"@id\":\"https:\\\/\\\/tapir.de\\\/fr\\\/tag\\\/veste-de-moto\\\/\",\"url\":\"https:\\\/\\\/tapir.de\\\/fr\\\/tag\\\/veste-de-moto\\\/\",\"name\":\"Veste de moto - Tapir Wachswaren\",\"isPartOf\":{\"@id\":\"https:\\\/\\\/tapir.de\\\/fr\\\/?lang=en\\\/#website\"},\"description\":\"Prenez soin de votre veste de moto de mani\u00e8re durable et efficace gr\u00e2ce \u00e0 nos produits de soins du cuir naturel chez Tapir. Pour la brillance et le cuir bien nourri.\",\"breadcrumb\":{\"@id\":\"https:\\\/\\\/tapir.de\\\/fr\\\/tag\\\/veste-de-moto\\\/#breadcrumb\"},\"inLanguage\":\"fr-FR\"},{\"@type\":\"BreadcrumbList\",\"@id\":\"https:\\\/\\\/tapir.de\\\/fr\\\/tag\\\/veste-de-moto\\\/#breadcrumb\",\"itemListElement\":[{\"@type\":\"ListItem\",\"position\":1,\"name\":\"Startseite\",\"item\":\"https:\\\/\\\/tapir.de\\\/fr\\\/\"},{\"@type\":\"ListItem\",\"position\":2,\"name\":\"Veste de moto\"}]},{\"@type\":\"WebSite\",\"@id\":\"https:\\\/\\\/tapir.de\\\/fr\\\/?lang=en\\\/#website\",\"url\":\"https:\\\/\\\/tapir.de\\\/fr\\\/?lang=en\\\/\",\"name\":\"Tapir Wachswaren\",\"description\":\"Nat\u00fcrliche Pflegeprodukte f\u00fcr Leder, Textil und Holz\",\"publisher\":{\"@id\":\"https:\\\/\\\/tapir.de\\\/fr\\\/?lang=en\\\/#organization\"},\"potentialAction\":[{\"@type\":\"SearchAction\",\"target\":{\"@type\":\"EntryPoint\",\"urlTemplate\":\"https:\\\/\\\/tapir.de\\\/fr\\\/?lang=en\\\/?s={search_term_string}\"},\"query-input\":{\"@type\":\"PropertyValueSpecification\",\"valueRequired\":true,\"valueName\":\"search_term_string\"}}],\"inLanguage\":\"fr-FR\"},{\"@type\":\"Organization\",\"@id\":\"https:\\\/\\\/tapir.de\\\/fr\\\/?lang=en\\\/#organization\",\"name\":\"Tapir Wachswaren\",\"url\":\"https:\\\/\\\/tapir.de\\\/fr\\\/?lang=en\\\/\",\"logo\":{\"@type\":\"ImageObject\",\"inLanguage\":\"fr-FR\",\"@id\":\"https:\\\/\\\/tapir.de\\\/fr\\\/?lang=en\\\/#\\\/schema\\\/logo\\\/image\\\/\",\"url\":\"https:\\\/\\\/tapir.de\\\/wp-content\\\/uploads\\\/2020\\\/11\\\/cropped-TAPIR_Wachswaren_logo.png\",\"contentUrl\":\"https:\\\/\\\/tapir.de\\\/wp-content\\\/uploads\\\/2020\\\/11\\\/cropped-TAPIR_Wachswaren_logo.png\",\"width\":512,\"height\":512,\"caption\":\"Tapir Wachswaren\"},\"image\":{\"@id\":\"https:\\\/\\\/tapir.de\\\/fr\\\/?lang=en\\\/#\\\/schema\\\/logo\\\/image\\\/\"},\"sameAs\":[\"https:\\\/\\\/www.facebook.com\\\/TapirWachswaren\\\/\",\"https:\\\/\\\/www.instagram.com\\\/tapir_pflegeprodukte\\\/?hl=de\"]}]}<\/script>\n<!-- \/ Yoast SEO plugin. -->","yoast_head_json":{"title":"Veste de moto - Tapir Wachswaren","description":"Prenez soin de votre veste de moto de mani\u00e8re durable et efficace gr\u00e2ce \u00e0 nos produits de soins du cuir naturel chez Tapir. Pour la brillance et le cuir bien nourri.","robots":{"index":"index","follow":"follow","max-snippet":"max-snippet:-1","max-image-preview":"max-image-preview:large","max-video-preview":"max-video-preview:-1"},"canonical":"https:\/\/tapir.de\/fr\/tag\/veste-de-moto\/","og_locale":"fr_FR","og_type":"article","og_title":"Veste de moto - Tapir Wachswaren","og_description":"Prenez soin de votre veste de moto de mani\u00e8re durable et efficace gr\u00e2ce \u00e0 nos produits de soins du cuir naturel chez Tapir. Pour la brillance et le cuir bien nourri.","og_url":"https:\/\/tapir.de\/fr\/tag\/veste-de-moto\/","og_site_name":"Tapir Wachswaren","twitter_card":"summary_large_image","schema":{"@context":"https:\/\/schema.org","@graph":[{"@type":"CollectionPage","@id":"https:\/\/tapir.de\/fr\/tag\/veste-de-moto\/","url":"https:\/\/tapir.de\/fr\/tag\/veste-de-moto\/","name":"Veste de moto - Tapir Wachswaren","isPartOf":{"@id":"https:\/\/tapir.de\/fr\/?lang=en\/#website"},"description":"Prenez soin de votre veste de moto de mani\u00e8re durable et efficace gr\u00e2ce \u00e0 nos produits de soins du cuir naturel chez Tapir. Pour la brillance et le cuir bien nourri.","breadcrumb":{"@id":"https:\/\/tapir.de\/fr\/tag\/veste-de-moto\/#breadcrumb"},"inLanguage":"fr-FR"},{"@type":"BreadcrumbList","@id":"https:\/\/tapir.de\/fr\/tag\/veste-de-moto\/#breadcrumb","itemListElement":[{"@type":"ListItem","position":1,"name":"Startseite","item":"https:\/\/tapir.de\/fr\/"},{"@type":"ListItem","position":2,"name":"Veste de moto"}]},{"@type":"WebSite","@id":"https:\/\/tapir.de\/fr\/?lang=en\/#website","url":"https:\/\/tapir.de\/fr\/?lang=en\/","name":"Tapir Wachswaren","description":"Nat\u00fcrliche Pflegeprodukte f\u00fcr Leder, Textil und Holz","publisher":{"@id":"https:\/\/tapir.de\/fr\/?lang=en\/#organization"},"potentialAction":[{"@type":"SearchAction","target":{"@type":"EntryPoint","urlTemplate":"https:\/\/tapir.de\/fr\/?lang=en\/?s={search_term_string}"},"query-input":{"@type":"PropertyValueSpecification","valueRequired":true,"valueName":"search_term_string"}}],"inLanguage":"fr-FR"},{"@type":"Organization","@id":"https:\/\/tapir.de\/fr\/?lang=en\/#organization","name":"Tapir Wachswaren","url":"https:\/\/tapir.de\/fr\/?lang=en\/","logo":{"@type":"ImageObject","inLanguage":"fr-FR","@id":"https:\/\/tapir.de\/fr\/?lang=en\/#\/schema\/logo\/image\/","url":"https:\/\/tapir.de\/wp-content\/uploads\/2020\/11\/cropped-TAPIR_Wachswaren_logo.png","contentUrl":"https:\/\/tapir.de\/wp-content\/uploads\/2020\/11\/cropped-TAPIR_Wachswaren_logo.png","width":512,"height":512,"caption":"Tapir Wachswaren"},"image":{"@id":"https:\/\/tapir.de\/fr\/?lang=en\/#\/schema\/logo\/image\/"},"sameAs":["https:\/\/www.facebook.com\/TapirWachswaren\/","https:\/\/www.instagram.com\/tapir_pflegeprodukte\/?hl=de"]}]}},"_links":{"self":[{"href":"https:\/\/tapir.de\/fr\/wp-json\/wp\/v2\/tags\/1087","targetHints":{"allow":["GET"]}}],"collection":[{"href":"https:\/\/tapir.de\/fr\/wp-json\/wp\/v2\/tags"}],"about":[{"href":"https:\/\/tapir.de\/fr\/wp-json\/wp\/v2\/taxonomies\/post_tag"}],"wp:post_type":[{"href":"https:\/\/tapir.de\/fr\/wp-json\/wp\/v2\/posts?tags=1087"}],"curies":[{"name":"wp","href":"https:\/\/api.w.org\/{rel}","templated":true}]}}