{"id":23367,"date":"2026-04-24T08:54:51","date_gmt":"2026-04-24T06:54:51","guid":{"rendered":"https:\/\/tapir.de\/?p=23367"},"modified":"2026-04-24T08:55:15","modified_gmt":"2026-04-24T06:55:15","slug":"fahrradsattel-natuerlich-pflegen","status":"publish","type":"post","link":"https:\/\/tapir.de\/fr\/fahrradsattel-natuerlich-pflegen\/","title":{"rendered":"Lederpflege, die h\u00e4lt: Nat\u00fcrliche Tipps f\u00fcr den Fahrradsattel von Brooks"},"content":{"rendered":"\n\t\n  \n    <div class=\"row large-columns-4 medium-columns-3 small-columns-2 row-small has-shadow row-box-shadow-2 slider row-slider slider-nav-reveal slider-nav-push\"  data-flickity-options='{&quot;imagesLoaded&quot;: true, &quot;groupCells&quot;: &quot;100%&quot;, &quot;dragThreshold&quot; : 5, &quot;cellAlign&quot;: &quot;left&quot;,&quot;wrapAround&quot;: true,&quot;prevNextButtons&quot;: true,&quot;percentPosition&quot;: true,&quot;pageDots&quot;: false, &quot;rightToLeft&quot;: false, &quot;autoPlay&quot; : false}' >\n\n  \n\t     <div class=\"product-small col has-hover product type-product post-21208 status-publish first instock product_cat-savon-pour-cuir-et-selles product_tag-cuir-lisse product_tag-nettoyage has-post-thumbnail taxable shipping-taxable purchasable product-type-simple\">\n\t<div class=\"col-inner\">\n\t\n<div class=\"badge-container absolute left top z-1\">\n\n<\/div>\n\t<div class=\"product-small box \">\n\t\t<div class=\"box-image\">\n\t\t\t<div class=\"image-none\">\n\t\t\t\t<a href=\"https:\/\/tapir.de\/fr\/shop\/cuir-et-savon-pour-selle\/\">\n\t\t\t\t\t<img loading=\"lazy\" decoding=\"async\" width=\"350\" height=\"350\" src=\"https:\/\/tapir.de\/wp-content\/uploads\/2020\/05\/90200-Tapir-Leder-Sattelseife1-350x350.jpg\" class=\"attachment-woocommerce_thumbnail size-woocommerce_thumbnail\" alt=\"Cuir et savon pour selle\" srcset=\"https:\/\/tapir.de\/wp-content\/uploads\/2020\/05\/90200-Tapir-Leder-Sattelseife1-350x350.jpg 350w, https:\/\/tapir.de\/wp-content\/uploads\/2020\/05\/90200-Tapir-Leder-Sattelseife1-400x400.jpg 400w, https:\/\/tapir.de\/wp-content\/uploads\/2020\/05\/90200-Tapir-Leder-Sattelseife1-800x800.jpg 800w, https:\/\/tapir.de\/wp-content\/uploads\/2020\/05\/90200-Tapir-Leder-Sattelseife1-280x280.jpg 280w, https:\/\/tapir.de\/wp-content\/uploads\/2020\/05\/90200-Tapir-Leder-Sattelseife1-768x768.jpg 768w, https:\/\/tapir.de\/wp-content\/uploads\/2020\/05\/90200-Tapir-Leder-Sattelseife1-600x600.jpg 600w, https:\/\/tapir.de\/wp-content\/uploads\/2020\/05\/90200-Tapir-Leder-Sattelseife1-100x100.jpg 100w, https:\/\/tapir.de\/wp-content\/uploads\/2020\/05\/90200-Tapir-Leder-Sattelseife1.jpg 1000w\" sizes=\"auto, (max-width: 350px) 100vw, 350px\" \/>\t\t\t\t<\/a>\n\t\t\t<\/div>\n\t\t\t<div class=\"image-tools is-small top right show-on-hover\">\n\t\t\t\t\t\t\t<\/div>\n\t\t\t<div class=\"image-tools is-small hide-for-small bottom left show-on-hover\">\n\t\t\t\t\t\t\t<\/div>\n\t\t\t<div class=\"image-tools grid-tools text-center hide-for-small bottom hover-slide-in show-on-hover\">\n\t\t\t\t\t\t\t<\/div>\n\t\t\t\t\t<\/div>\n\n\t\t<div class=\"box-text box-text-products text-center grid-style-2\">\n\t\t\t<div class=\"title-wrapper\"><p class=\"name product-title woocommerce-loop-product__title\"><a href=\"https:\/\/tapir.de\/fr\/shop\/cuir-et-savon-pour-selle\/\" class=\"woocommerce-LoopProduct-link woocommerce-loop-product__link\">Cuir et savon pour selle<\/a><\/p><\/div><div class=\"price-wrapper\"><\/a><p class=\"price\"><small><\/small><span class=\"woocommerce-Price-amount amount\"><bdi>17,50&nbsp;<span class=\"woocommerce-Price-currencySymbol\">&euro;<\/span><\/bdi><\/span><\/p>\n\t\t<div class=\"wgm-info woocommerce-de_price_taxrate \"><\/div>\n\t\t<span class=\"wgm-info price-per-unit price-per-unit-loop ppu-variation-wrap\">(<span class=\"woocommerce-Price-amount amount\"><bdi>8,75&nbsp;<span class=\"woocommerce-Price-currencySymbol\">&euro;<\/span><\/bdi><\/span> \/ 100 ml)<\/span><div class=\"wgm-info woocommerce_de_versandkosten\">En plus <a>du transport<\/a> maritime<\/div><\/div><div class=\"add-to-cart-button\"><a href=\"\/fr\/wp-json\/wp\/v2\/posts\/23367?add-to-cart=21208\" aria-describedby=\"woocommerce_loop_add_to_cart_link_describedby_21208\" data-quantity=\"1\" class=\"primary is-small mb-0 button product_type_simple add_to_cart_button ajax_add_to_cart is-outline\" data-product_id=\"21208\" data-product_sku=\"90200\" aria-label=\"Ajouter au panier\u00a0: &ldquo;Cuir et savon pour selle&rdquo;\" rel=\"nofollow\" data-success_message=\"\u00ab\u00a0Cuir et savon pour selle\u00a0\u00bb a \u00e9t\u00e9 ajout\u00e9 \u00e0 votre panier\" role=\"button\">Ajouter au panier<\/a><\/div>\t<span id=\"woocommerce_loop_add_to_cart_link_describedby_21208\" class=\"screen-reader-text\">\n\t\t\t<\/span>\n\t\t<\/div>\n\t<\/div>\n\t<span class=\"gtm4wp_productdata\" style=\"display:none; visibility:hidden;\" data-gtm4wp_product_data=\"{&quot;internal_id&quot;:21208,&quot;item_id&quot;:21208,&quot;item_name&quot;:&quot;Cuir et savon pour selle&quot;,&quot;sku&quot;:&quot;90200&quot;,&quot;price&quot;:17.5,&quot;stocklevel&quot;:null,&quot;stockstatus&quot;:&quot;instock&quot;,&quot;google_business_vertical&quot;:&quot;retail&quot;,&quot;item_category&quot;:&quot;Savon pour cuir et selles&quot;,&quot;id&quot;:21208,&quot;productlink&quot;:&quot;https:\\\/\\\/tapir.de\\\/fr\\\/shop\\\/cuir-et-savon-pour-selle\\\/&quot;,&quot;item_list_name&quot;:&quot;Liste g\\u00e9n\\u00e9rale des produits&quot;,&quot;index&quot;:1,&quot;product_type&quot;:&quot;simple&quot;,&quot;item_brand&quot;:&quot;&quot;}\"><\/span>\t<\/div>\n<\/div><div class=\"product-small col has-hover product type-product post-21239 status-publish instock product_cat-creme-pour-le-soin-du-cuir product_tag-chaussure-denfant product_tag-chaussure-pour-femmes product_tag-chaussure-pour-hommes product_tag-cuir-lisse product_tag-gloss product_tag-soins has-post-thumbnail taxable shipping-taxable purchasable product-type-simple\">\n\t<div class=\"col-inner\">\n\t\n<div class=\"badge-container absolute left top z-1\">\n\n<\/div>\n\t<div class=\"product-small box \">\n\t\t<div class=\"box-image\">\n\t\t\t<div class=\"image-none\">\n\t\t\t\t<a href=\"https:\/\/tapir.de\/fr\/shop\/creme-pour-le-cuir-incolore\/\">\n\t\t\t\t\t<img loading=\"lazy\" decoding=\"async\" width=\"350\" height=\"350\" src=\"https:\/\/tapir.de\/wp-content\/uploads\/2020\/03\/80075-Lederpflegecreme-350x350.jpg\" class=\"attachment-woocommerce_thumbnail size-woocommerce_thumbnail\" alt=\"Cr\u00e8me pour le cuir incolore\" srcset=\"https:\/\/tapir.de\/wp-content\/uploads\/2020\/03\/80075-Lederpflegecreme-350x350.jpg 350w, https:\/\/tapir.de\/wp-content\/uploads\/2020\/03\/80075-Lederpflegecreme-400x400.jpg 400w, https:\/\/tapir.de\/wp-content\/uploads\/2020\/03\/80075-Lederpflegecreme-800x800.jpg 800w, https:\/\/tapir.de\/wp-content\/uploads\/2020\/03\/80075-Lederpflegecreme-280x280.jpg 280w, https:\/\/tapir.de\/wp-content\/uploads\/2020\/03\/80075-Lederpflegecreme-768x768.jpg 768w, https:\/\/tapir.de\/wp-content\/uploads\/2020\/03\/80075-Lederpflegecreme-1536x1536.jpg 1536w, https:\/\/tapir.de\/wp-content\/uploads\/2020\/03\/80075-Lederpflegecreme-2048x2048.jpg 2048w, https:\/\/tapir.de\/wp-content\/uploads\/2020\/03\/80075-Lederpflegecreme-1320x1320.jpg 1320w, https:\/\/tapir.de\/wp-content\/uploads\/2020\/03\/80075-Lederpflegecreme-600x600.jpg 600w, https:\/\/tapir.de\/wp-content\/uploads\/2020\/03\/80075-Lederpflegecreme-100x100.jpg 100w\" sizes=\"auto, (max-width: 350px) 100vw, 350px\" \/>\t\t\t\t<\/a>\n\t\t\t<\/div>\n\t\t\t<div class=\"image-tools is-small top right show-on-hover\">\n\t\t\t\t\t\t\t<\/div>\n\t\t\t<div class=\"image-tools is-small hide-for-small bottom left show-on-hover\">\n\t\t\t\t\t\t\t<\/div>\n\t\t\t<div class=\"image-tools grid-tools text-center hide-for-small bottom hover-slide-in show-on-hover\">\n\t\t\t\t\t\t\t<\/div>\n\t\t\t\t\t<\/div>\n\n\t\t<div class=\"box-text box-text-products text-center grid-style-2\">\n\t\t\t<div class=\"title-wrapper\"><p class=\"name product-title woocommerce-loop-product__title\"><a href=\"https:\/\/tapir.de\/fr\/shop\/creme-pour-le-cuir-incolore\/\" class=\"woocommerce-LoopProduct-link woocommerce-loop-product__link\">Cr\u00e8me pour le cuir incolore<\/a><\/p><\/div><div class=\"price-wrapper\"><\/a><p class=\"price\"><small><\/small><span class=\"woocommerce-Price-amount amount\"><bdi>9,90&nbsp;<span class=\"woocommerce-Price-currencySymbol\">&euro;<\/span><\/bdi><\/span><\/p>\n\t\t<div class=\"wgm-info woocommerce-de_price_taxrate \"><\/div>\n\t\t<span class=\"wgm-info price-per-unit price-per-unit-loop ppu-variation-wrap\">(<span class=\"woocommerce-Price-amount amount\"><bdi>13,20&nbsp;<span class=\"woocommerce-Price-currencySymbol\">&euro;<\/span><\/bdi><\/span> \/ 100 cm)<\/span><div class=\"wgm-info woocommerce_de_versandkosten\">En plus <a>du transport<\/a> maritime<\/div><\/div><div class=\"add-to-cart-button\"><a href=\"\/fr\/wp-json\/wp\/v2\/posts\/23367?add-to-cart=21239\" aria-describedby=\"woocommerce_loop_add_to_cart_link_describedby_21239\" data-quantity=\"1\" class=\"primary is-small mb-0 button product_type_simple add_to_cart_button ajax_add_to_cart is-outline\" data-product_id=\"21239\" data-product_sku=\"80075\" aria-label=\"Ajouter au panier\u00a0: &ldquo;Cr\u00e8me pour le cuir incolore&rdquo;\" rel=\"nofollow\" data-success_message=\"\u00ab\u00a0Cr\u00e8me pour le cuir incolore\u00a0\u00bb a \u00e9t\u00e9 ajout\u00e9 \u00e0 votre panier\" role=\"button\">Ajouter au panier<\/a><\/div>\t<span id=\"woocommerce_loop_add_to_cart_link_describedby_21239\" class=\"screen-reader-text\">\n\t\t\t<\/span>\n\t\t<\/div>\n\t<\/div>\n\t<span class=\"gtm4wp_productdata\" style=\"display:none; visibility:hidden;\" data-gtm4wp_product_data=\"{&quot;internal_id&quot;:21239,&quot;item_id&quot;:21239,&quot;item_name&quot;:&quot;Cr\\u00e8me pour le cuir incolore&quot;,&quot;sku&quot;:&quot;80075&quot;,&quot;price&quot;:9.9000000000000003552713678800500929355621337890625,&quot;stocklevel&quot;:null,&quot;stockstatus&quot;:&quot;instock&quot;,&quot;google_business_vertical&quot;:&quot;retail&quot;,&quot;item_category&quot;:&quot;Cr\\u00e8me pour le soin du cuir&quot;,&quot;id&quot;:21239,&quot;productlink&quot;:&quot;https:\\\/\\\/tapir.de\\\/fr\\\/shop\\\/creme-pour-le-cuir-incolore\\\/&quot;,&quot;item_list_name&quot;:&quot;Liste g\\u00e9n\\u00e9rale des produits&quot;,&quot;index&quot;:2,&quot;product_type&quot;:&quot;simple&quot;,&quot;item_brand&quot;:&quot;&quot;}\"><\/span>\t<\/div>\n<\/div><div class=\"product-small col has-hover product type-product post-21177 status-publish last instock product_cat-soins-du-cuir-pour-cuir-de-qualite product_tag-soins has-post-thumbnail taxable shipping-taxable purchasable product-type-simple\">\n\t<div class=\"col-inner\">\n\t\n<div class=\"badge-container absolute left top z-1\">\n\n<\/div>\n\t<div class=\"product-small box \">\n\t\t<div class=\"box-image\">\n\t\t\t<div class=\"image-none\">\n\t\t\t\t<a href=\"https:\/\/tapir.de\/fr\/shop\/soins-du-cuir\/\">\n\t\t\t\t\t<img loading=\"lazy\" decoding=\"async\" width=\"350\" height=\"350\" src=\"https:\/\/tapir.de\/wp-content\/uploads\/2020\/05\/50100-Lederpflege-Tapir-350x350.jpg\" class=\"attachment-woocommerce_thumbnail size-woocommerce_thumbnail\" alt=\"Soins du cuir\" srcset=\"https:\/\/tapir.de\/wp-content\/uploads\/2020\/05\/50100-Lederpflege-Tapir-350x350.jpg 350w, https:\/\/tapir.de\/wp-content\/uploads\/2020\/05\/50100-Lederpflege-Tapir-400x400.jpg 400w, https:\/\/tapir.de\/wp-content\/uploads\/2020\/05\/50100-Lederpflege-Tapir-800x800.jpg 800w, https:\/\/tapir.de\/wp-content\/uploads\/2020\/05\/50100-Lederpflege-Tapir-280x280.jpg 280w, https:\/\/tapir.de\/wp-content\/uploads\/2020\/05\/50100-Lederpflege-Tapir-768x768.jpg 768w, https:\/\/tapir.de\/wp-content\/uploads\/2020\/05\/50100-Lederpflege-Tapir-1320x1320.jpg 1320w, https:\/\/tapir.de\/wp-content\/uploads\/2020\/05\/50100-Lederpflege-Tapir-600x600.jpg 600w, https:\/\/tapir.de\/wp-content\/uploads\/2020\/05\/50100-Lederpflege-Tapir-100x100.jpg 100w, https:\/\/tapir.de\/wp-content\/uploads\/2020\/05\/50100-Lederpflege-Tapir.jpg 1500w\" sizes=\"auto, (max-width: 350px) 100vw, 350px\" \/>\t\t\t\t<\/a>\n\t\t\t<\/div>\n\t\t\t<div class=\"image-tools is-small top right show-on-hover\">\n\t\t\t\t\t\t\t<\/div>\n\t\t\t<div class=\"image-tools is-small hide-for-small bottom left show-on-hover\">\n\t\t\t\t\t\t\t<\/div>\n\t\t\t<div class=\"image-tools grid-tools text-center hide-for-small bottom hover-slide-in show-on-hover\">\n\t\t\t\t\t\t\t<\/div>\n\t\t\t\t\t<\/div>\n\n\t\t<div class=\"box-text box-text-products text-center grid-style-2\">\n\t\t\t<div class=\"title-wrapper\"><p class=\"name product-title woocommerce-loop-product__title\"><a href=\"https:\/\/tapir.de\/fr\/shop\/soins-du-cuir\/\" class=\"woocommerce-LoopProduct-link woocommerce-loop-product__link\">Soins du cuir<\/a><\/p><\/div><div class=\"price-wrapper\"><\/a><p class=\"price\"><small><\/small><span class=\"woocommerce-Price-amount amount\"><bdi>10,50&nbsp;<span class=\"woocommerce-Price-currencySymbol\">&euro;<\/span><\/bdi><\/span><\/p>\n\t\t<div class=\"wgm-info woocommerce-de_price_taxrate \"><\/div>\n\t\t<span class=\"wgm-info price-per-unit price-per-unit-loop ppu-variation-wrap\">(<span class=\"woocommerce-Price-amount amount\"><bdi>10,50&nbsp;<span class=\"woocommerce-Price-currencySymbol\">&euro;<\/span><\/bdi><\/span> \/ 100 ml)<\/span><div class=\"wgm-info woocommerce_de_versandkosten\">En plus <a>du transport<\/a> maritime<\/div><\/div><div class=\"add-to-cart-button\"><a href=\"\/fr\/wp-json\/wp\/v2\/posts\/23367?add-to-cart=21177\" aria-describedby=\"woocommerce_loop_add_to_cart_link_describedby_21177\" data-quantity=\"1\" class=\"primary is-small mb-0 button product_type_simple add_to_cart_button ajax_add_to_cart is-outline\" data-product_id=\"21177\" data-product_sku=\"50100\" aria-label=\"Ajouter au panier\u00a0: &ldquo;Soins du cuir&rdquo;\" rel=\"nofollow\" data-success_message=\"\u00ab\u00a0Soins du cuir\u00a0\u00bb a \u00e9t\u00e9 ajout\u00e9 \u00e0 votre panier\" role=\"button\">Ajouter au panier<\/a><\/div>\t<span id=\"woocommerce_loop_add_to_cart_link_describedby_21177\" class=\"screen-reader-text\">\n\t\t\t<\/span>\n\t\t<\/div>\n\t<\/div>\n\t<span class=\"gtm4wp_productdata\" style=\"display:none; visibility:hidden;\" data-gtm4wp_product_data=\"{&quot;internal_id&quot;:21177,&quot;item_id&quot;:21177,&quot;item_name&quot;:&quot;Soins du cuir&quot;,&quot;sku&quot;:&quot;50100&quot;,&quot;price&quot;:10.5,&quot;stocklevel&quot;:null,&quot;stockstatus&quot;:&quot;instock&quot;,&quot;google_business_vertical&quot;:&quot;retail&quot;,&quot;item_category&quot;:&quot;Soins du cuir pour cuir de qualit\\u00e9&quot;,&quot;id&quot;:21177,&quot;productlink&quot;:&quot;https:\\\/\\\/tapir.de\\\/fr\\\/shop\\\/soins-du-cuir\\\/&quot;,&quot;item_list_name&quot;:&quot;Liste g\\u00e9n\\u00e9rale des produits&quot;,&quot;index&quot;:3,&quot;product_type&quot;:&quot;simple&quot;,&quot;item_brand&quot;:&quot;&quot;}\"><\/span>\t<\/div>\n<\/div><div class=\"product-small col has-hover product type-product post-20765 status-publish first instock product_cat-brosses product_tag-accessoires has-post-thumbnail taxable shipping-taxable purchasable product-type-simple\">\n\t<div class=\"col-inner\">\n\t\n<div class=\"badge-container absolute left top z-1\">\n\n<\/div>\n\t<div class=\"product-small box \">\n\t\t<div class=\"box-image\">\n\t\t\t<div class=\"image-none\">\n\t\t\t\t<a href=\"https:\/\/tapir.de\/fr\/shop\/brosse-brillante-avec-crin-de-cheval-brun-a-fentes\/\">\n\t\t\t\t\t<img loading=\"lazy\" decoding=\"async\" width=\"350\" height=\"350\" src=\"https:\/\/tapir.de\/wp-content\/uploads\/2025\/01\/00904T_Glanzbuerste_mit_braunem_geschlitztem_Rosshaar_1-350x350.jpg\" class=\"attachment-woocommerce_thumbnail size-woocommerce_thumbnail\" alt=\"Brosse brillante avec crin de cheval brun \u00e0 fentes\" srcset=\"https:\/\/tapir.de\/wp-content\/uploads\/2025\/01\/00904T_Glanzbuerste_mit_braunem_geschlitztem_Rosshaar_1-350x350.jpg 350w, https:\/\/tapir.de\/wp-content\/uploads\/2025\/01\/00904T_Glanzbuerste_mit_braunem_geschlitztem_Rosshaar_1-400x400.jpg 400w, https:\/\/tapir.de\/wp-content\/uploads\/2025\/01\/00904T_Glanzbuerste_mit_braunem_geschlitztem_Rosshaar_1-800x800.jpg 800w, https:\/\/tapir.de\/wp-content\/uploads\/2025\/01\/00904T_Glanzbuerste_mit_braunem_geschlitztem_Rosshaar_1-280x280.jpg 280w, https:\/\/tapir.de\/wp-content\/uploads\/2025\/01\/00904T_Glanzbuerste_mit_braunem_geschlitztem_Rosshaar_1-768x768.jpg 768w, https:\/\/tapir.de\/wp-content\/uploads\/2025\/01\/00904T_Glanzbuerste_mit_braunem_geschlitztem_Rosshaar_1-1320x1320.jpg 1320w, https:\/\/tapir.de\/wp-content\/uploads\/2025\/01\/00904T_Glanzbuerste_mit_braunem_geschlitztem_Rosshaar_1-600x600.jpg 600w, https:\/\/tapir.de\/wp-content\/uploads\/2025\/01\/00904T_Glanzbuerste_mit_braunem_geschlitztem_Rosshaar_1-100x100.jpg 100w, https:\/\/tapir.de\/wp-content\/uploads\/2025\/01\/00904T_Glanzbuerste_mit_braunem_geschlitztem_Rosshaar_1.jpg 1500w\" sizes=\"auto, (max-width: 350px) 100vw, 350px\" \/>\t\t\t\t<\/a>\n\t\t\t<\/div>\n\t\t\t<div class=\"image-tools is-small top right show-on-hover\">\n\t\t\t\t\t\t\t<\/div>\n\t\t\t<div class=\"image-tools is-small hide-for-small bottom left show-on-hover\">\n\t\t\t\t\t\t\t<\/div>\n\t\t\t<div class=\"image-tools grid-tools text-center hide-for-small bottom hover-slide-in show-on-hover\">\n\t\t\t\t\t\t\t<\/div>\n\t\t\t\t\t<\/div>\n\n\t\t<div class=\"box-text box-text-products text-center grid-style-2\">\n\t\t\t<div class=\"title-wrapper\"><p class=\"name product-title woocommerce-loop-product__title\"><a href=\"https:\/\/tapir.de\/fr\/shop\/brosse-brillante-avec-crin-de-cheval-brun-a-fentes\/\" class=\"woocommerce-LoopProduct-link woocommerce-loop-product__link\">Brosse brillante avec crin de cheval brun \u00e0 fentes<\/a><\/p><\/div><div class=\"price-wrapper\"><\/a><p class=\"price\"><small><\/small><span class=\"woocommerce-Price-amount amount\"><bdi>20,90&nbsp;<span class=\"woocommerce-Price-currencySymbol\">&euro;<\/span><\/bdi><\/span><\/p>\n\t\t<div class=\"wgm-info woocommerce-de_price_taxrate \"><\/div>\n\t\t<div class=\"wgm-info woocommerce_de_versandkosten\">En plus <a>du transport<\/a> maritime<\/div><\/div><div class=\"add-to-cart-button\"><a href=\"\/fr\/wp-json\/wp\/v2\/posts\/23367?add-to-cart=20765\" aria-describedby=\"woocommerce_loop_add_to_cart_link_describedby_20765\" data-quantity=\"1\" class=\"primary is-small mb-0 button product_type_simple add_to_cart_button ajax_add_to_cart is-outline\" data-product_id=\"20765\" data-product_sku=\"00904T\" aria-label=\"Ajouter au panier\u00a0: &ldquo;Brosse brillante avec crin de cheval brun \u00e0 fentes&rdquo;\" rel=\"nofollow\" data-success_message=\"\u00ab\u00a0Brosse brillante avec crin de cheval brun \u00e0 fentes\u00a0\u00bb a \u00e9t\u00e9 ajout\u00e9 \u00e0 votre panier\" role=\"button\">Ajouter au panier<\/a><\/div>\t<span id=\"woocommerce_loop_add_to_cart_link_describedby_20765\" class=\"screen-reader-text\">\n\t\t\t<\/span>\n\t\t<\/div>\n\t<\/div>\n\t<span class=\"gtm4wp_productdata\" style=\"display:none; visibility:hidden;\" data-gtm4wp_product_data=\"{&quot;internal_id&quot;:20765,&quot;item_id&quot;:20765,&quot;item_name&quot;:&quot;Brosse brillante avec crin de cheval brun \\u00e0 fentes&quot;,&quot;sku&quot;:&quot;00904T&quot;,&quot;price&quot;:20.89999999999999857891452847979962825775146484375,&quot;stocklevel&quot;:null,&quot;stockstatus&quot;:&quot;instock&quot;,&quot;google_business_vertical&quot;:&quot;retail&quot;,&quot;item_category&quot;:&quot;Brosses&quot;,&quot;id&quot;:20765,&quot;productlink&quot;:&quot;https:\\\/\\\/tapir.de\\\/fr\\\/shop\\\/brosse-brillante-avec-crin-de-cheval-brun-a-fentes\\\/&quot;,&quot;item_list_name&quot;:&quot;Liste g\\u00e9n\\u00e9rale des produits&quot;,&quot;index&quot;:4,&quot;product_type&quot;:&quot;simple&quot;,&quot;item_brand&quot;:&quot;&quot;}\"><\/span>\t<\/div>\n<\/div><div class=\"product-small col has-hover product type-product post-20947 status-publish instock product_cat-brosses product_tag-accessoires has-post-thumbnail taxable shipping-taxable purchasable product-type-simple\">\n\t<div class=\"col-inner\">\n\t\n<div class=\"badge-container absolute left top z-1\">\n\n<\/div>\n\t<div class=\"product-small box \">\n\t\t<div class=\"box-image\">\n\t\t\t<div class=\"image-none\">\n\t\t\t\t<a href=\"https:\/\/tapir.de\/fr\/shop\/brosse-dapplication-ronde-en-crin-de-cheval-fonce\/\">\n\t\t\t\t\t<img loading=\"lazy\" decoding=\"async\" width=\"350\" height=\"350\" src=\"https:\/\/tapir.de\/wp-content\/uploads\/2025\/01\/00906_Runde_Auftragsbuerste_aus_dunklem_Rosshaar_1-350x350.jpg\" class=\"attachment-woocommerce_thumbnail size-woocommerce_thumbnail\" alt=\"Brosse d\u2019application ronde en crin de cheval fonc\u00e9\" srcset=\"https:\/\/tapir.de\/wp-content\/uploads\/2025\/01\/00906_Runde_Auftragsbuerste_aus_dunklem_Rosshaar_1-350x350.jpg 350w, https:\/\/tapir.de\/wp-content\/uploads\/2025\/01\/00906_Runde_Auftragsbuerste_aus_dunklem_Rosshaar_1-400x400.jpg 400w, https:\/\/tapir.de\/wp-content\/uploads\/2025\/01\/00906_Runde_Auftragsbuerste_aus_dunklem_Rosshaar_1-800x800.jpg 800w, https:\/\/tapir.de\/wp-content\/uploads\/2025\/01\/00906_Runde_Auftragsbuerste_aus_dunklem_Rosshaar_1-280x280.jpg 280w, https:\/\/tapir.de\/wp-content\/uploads\/2025\/01\/00906_Runde_Auftragsbuerste_aus_dunklem_Rosshaar_1-768x768.jpg 768w, https:\/\/tapir.de\/wp-content\/uploads\/2025\/01\/00906_Runde_Auftragsbuerste_aus_dunklem_Rosshaar_1-1320x1320.jpg 1320w, https:\/\/tapir.de\/wp-content\/uploads\/2025\/01\/00906_Runde_Auftragsbuerste_aus_dunklem_Rosshaar_1-600x600.jpg 600w, https:\/\/tapir.de\/wp-content\/uploads\/2025\/01\/00906_Runde_Auftragsbuerste_aus_dunklem_Rosshaar_1-100x100.jpg 100w, https:\/\/tapir.de\/wp-content\/uploads\/2025\/01\/00906_Runde_Auftragsbuerste_aus_dunklem_Rosshaar_1.jpg 1500w\" sizes=\"auto, (max-width: 350px) 100vw, 350px\" \/>\t\t\t\t<\/a>\n\t\t\t<\/div>\n\t\t\t<div class=\"image-tools is-small top right show-on-hover\">\n\t\t\t\t\t\t\t<\/div>\n\t\t\t<div class=\"image-tools is-small hide-for-small bottom left show-on-hover\">\n\t\t\t\t\t\t\t<\/div>\n\t\t\t<div class=\"image-tools grid-tools text-center hide-for-small bottom hover-slide-in show-on-hover\">\n\t\t\t\t\t\t\t<\/div>\n\t\t\t\t\t<\/div>\n\n\t\t<div class=\"box-text box-text-products text-center grid-style-2\">\n\t\t\t<div class=\"title-wrapper\"><p class=\"name product-title woocommerce-loop-product__title\"><a href=\"https:\/\/tapir.de\/fr\/shop\/brosse-dapplication-ronde-en-crin-de-cheval-fonce\/\" class=\"woocommerce-LoopProduct-link woocommerce-loop-product__link\">Brosse d\u2019application ronde en crin de cheval fonc\u00e9<\/a><\/p><\/div><div class=\"price-wrapper\"><\/a><p class=\"price\"><small><\/small><span class=\"woocommerce-Price-amount amount\"><bdi>4,50&nbsp;<span class=\"woocommerce-Price-currencySymbol\">&euro;<\/span><\/bdi><\/span><\/p>\n\t\t<div class=\"wgm-info woocommerce-de_price_taxrate \"><\/div>\n\t\t<div class=\"wgm-info woocommerce_de_versandkosten\">En plus <a>du transport<\/a> maritime<\/div><\/div><div class=\"add-to-cart-button\"><a href=\"\/fr\/wp-json\/wp\/v2\/posts\/23367?add-to-cart=20947\" aria-describedby=\"woocommerce_loop_add_to_cart_link_describedby_20947\" data-quantity=\"1\" class=\"primary is-small mb-0 button product_type_simple add_to_cart_button ajax_add_to_cart is-outline\" data-product_id=\"20947\" data-product_sku=\"00906\" aria-label=\"Ajouter au panier\u00a0: &ldquo;Brosse d\u2019application ronde en crin de cheval fonc\u00e9&rdquo;\" rel=\"nofollow\" data-success_message=\"\u00ab\u00a0Brosse d\u2019application ronde en crin de cheval fonc\u00e9\u00a0\u00bb a \u00e9t\u00e9 ajout\u00e9 \u00e0 votre panier\" role=\"button\">Ajouter au panier<\/a><\/div>\t<span id=\"woocommerce_loop_add_to_cart_link_describedby_20947\" class=\"screen-reader-text\">\n\t\t\t<\/span>\n\t\t<\/div>\n\t<\/div>\n\t<span class=\"gtm4wp_productdata\" style=\"display:none; visibility:hidden;\" data-gtm4wp_product_data=\"{&quot;internal_id&quot;:20947,&quot;item_id&quot;:20947,&quot;item_name&quot;:&quot;Brosse d\\u2019application ronde en crin de cheval fonc\\u00e9&quot;,&quot;sku&quot;:&quot;00906&quot;,&quot;price&quot;:4.5,&quot;stocklevel&quot;:null,&quot;stockstatus&quot;:&quot;instock&quot;,&quot;google_business_vertical&quot;:&quot;retail&quot;,&quot;item_category&quot;:&quot;Brosses&quot;,&quot;id&quot;:20947,&quot;productlink&quot;:&quot;https:\\\/\\\/tapir.de\\\/fr\\\/shop\\\/brosse-dapplication-ronde-en-crin-de-cheval-fonce\\\/&quot;,&quot;item_list_name&quot;:&quot;Liste g\\u00e9n\\u00e9rale des produits&quot;,&quot;index&quot;:5,&quot;product_type&quot;:&quot;simple&quot;,&quot;item_brand&quot;:&quot;&quot;}\"><\/span>\t<\/div>\n<\/div><div class=\"product-small col has-hover product type-product post-20872 status-publish last instock product_cat-accessoires product_tag-accessoires product_tag-canape-en-cuir product_tag-cuir-en-daim product_tag-cuir-lisse has-post-thumbnail taxable shipping-taxable purchasable product-type-simple\">\n\t<div class=\"col-inner\">\n\t\n<div class=\"badge-container absolute left top z-1\">\n\n<\/div>\n\t<div class=\"product-small box \">\n\t\t<div class=\"box-image\">\n\t\t\t<div class=\"image-none\">\n\t\t\t\t<a href=\"https:\/\/tapir.de\/fr\/shop\/eponge-gonflante-en-cellulose-naturelle\/\">\n\t\t\t\t\t<img loading=\"lazy\" decoding=\"async\" width=\"350\" height=\"350\" src=\"https:\/\/tapir.de\/wp-content\/uploads\/2020\/07\/Tapir_Quellschwamm-scaled-350x350.jpeg\" class=\"attachment-woocommerce_thumbnail size-woocommerce_thumbnail\" alt=\"\u00c9ponge gonflante en cellulose naturelle\" srcset=\"https:\/\/tapir.de\/wp-content\/uploads\/2020\/07\/Tapir_Quellschwamm-scaled-350x350.jpeg 350w, https:\/\/tapir.de\/wp-content\/uploads\/2020\/07\/Tapir_Quellschwamm-scaled-100x100.jpeg 100w, https:\/\/tapir.de\/wp-content\/uploads\/2020\/07\/Tapir_Quellschwamm-280x280.jpeg 280w\" sizes=\"auto, (max-width: 350px) 100vw, 350px\" \/>\t\t\t\t<\/a>\n\t\t\t<\/div>\n\t\t\t<div class=\"image-tools is-small top right show-on-hover\">\n\t\t\t\t\t\t\t<\/div>\n\t\t\t<div class=\"image-tools is-small hide-for-small bottom left show-on-hover\">\n\t\t\t\t\t\t\t<\/div>\n\t\t\t<div class=\"image-tools grid-tools text-center hide-for-small bottom hover-slide-in show-on-hover\">\n\t\t\t\t\t\t\t<\/div>\n\t\t\t\t\t<\/div>\n\n\t\t<div class=\"box-text box-text-products text-center grid-style-2\">\n\t\t\t<div class=\"title-wrapper\"><p class=\"name product-title woocommerce-loop-product__title\"><a href=\"https:\/\/tapir.de\/fr\/shop\/eponge-gonflante-en-cellulose-naturelle\/\" class=\"woocommerce-LoopProduct-link woocommerce-loop-product__link\">\u00c9ponge gonflante en cellulose naturelle<\/a><\/p><\/div><div class=\"price-wrapper\"><\/a><p class=\"price\"><small><\/small><span class=\"woocommerce-Price-amount amount\"><bdi>3,90&nbsp;<span class=\"woocommerce-Price-currencySymbol\">&euro;<\/span><\/bdi><\/span><\/p>\n\t\t<div class=\"wgm-info woocommerce-de_price_taxrate \"><\/div>\n\t\t<div class=\"wgm-info woocommerce_de_versandkosten\">En plus <a>du transport<\/a> maritime<\/div><\/div><div class=\"add-to-cart-button\"><a href=\"\/fr\/wp-json\/wp\/v2\/posts\/23367?add-to-cart=20872\" aria-describedby=\"woocommerce_loop_add_to_cart_link_describedby_20872\" data-quantity=\"1\" class=\"primary is-small mb-0 button product_type_simple add_to_cart_button ajax_add_to_cart is-outline\" data-product_id=\"20872\" data-product_sku=\"76020\" aria-label=\"Ajouter au panier\u00a0: &ldquo;\u00c9ponge gonflante en cellulose naturelle&rdquo;\" rel=\"nofollow\" data-success_message=\"\u00ab\u00a0\u00c9ponge gonflante en cellulose naturelle\u00a0\u00bb a \u00e9t\u00e9 ajout\u00e9 \u00e0 votre panier\" role=\"button\">Ajouter au panier<\/a><\/div>\t<span id=\"woocommerce_loop_add_to_cart_link_describedby_20872\" class=\"screen-reader-text\">\n\t\t\t<\/span>\n\t\t<\/div>\n\t<\/div>\n\t<span class=\"gtm4wp_productdata\" style=\"display:none; visibility:hidden;\" data-gtm4wp_product_data=\"{&quot;internal_id&quot;:20872,&quot;item_id&quot;:20872,&quot;item_name&quot;:&quot;\\u00c9ponge gonflante en cellulose naturelle&quot;,&quot;sku&quot;:&quot;76020&quot;,&quot;price&quot;:3.899999999999999911182158029987476766109466552734375,&quot;stocklevel&quot;:null,&quot;stockstatus&quot;:&quot;instock&quot;,&quot;google_business_vertical&quot;:&quot;retail&quot;,&quot;item_category&quot;:&quot;Accessoires&quot;,&quot;id&quot;:20872,&quot;productlink&quot;:&quot;https:\\\/\\\/tapir.de\\\/fr\\\/shop\\\/eponge-gonflante-en-cellulose-naturelle\\\/&quot;,&quot;item_list_name&quot;:&quot;Liste g\\u00e9n\\u00e9rale des produits&quot;,&quot;index&quot;:6,&quot;product_type&quot;:&quot;simple&quot;,&quot;item_brand&quot;:&quot;&quot;}\"><\/span>\t<\/div>\n<\/div><\/div>\n\n\n\t<section class=\"section\" id=\"section_2136262163\">\n\t\t<div class=\"section-bg fill\" >\n\t\t\t\t\t\t\t\t\t\n\t\t\t\n\t<div class=\"is-border\"\n\t\tstyle=\"border-color:rgb(235, 235, 235);border-width:1px 0px 0px 0px;\">\n\t<\/div>\n\n\t\t<\/div>\n\n\t\t\n\n\t\t<div class=\"section-content relative\">\n\t\t\t\n\n<h3 style=\"text-align: center;\"><span style=\"color: #800000;\">Auffrischung f\u00fcr Fahrrad- Rennsattel aus Leder<\/span><\/h3>\n<p>Heute hat sich unser Hubert einen Rennradsattel aus Glattleder vorgenommen. Dieser wurde zwar nur selten benutzt, aber er weist trotzdem Spuren und Macken auf. Hubert erkl\u00e4rt uns die verschiedenen M\u00f6glichkeiten, wie man mit solch einem Sattel bez\u00fcglich <a href=\"https:\/\/tapir.de\/schuh-und-lederpflege\/\">Lederpflege<\/a> umgehen kann.<\/p>\n<p>Diese Produkte werden alle f\u00fcr die Lederpflege ben\u00f6tigt:<\/p>\n<ul>\n<li><a href=\"https:\/\/tapir.de\/shop\/tapir-leder-und-sattelseife\/\">Leder- und Sattelseife<\/a><\/li>\n<li>Quellschwamm<\/li>\n<li><a href=\"https:\/\/tapir.de\/shop\/lederfett-farblos\/\">Lederfett<\/a>*<\/li>\n<li>Baumwolltuch<\/li>\n<li>Auftragsb\u00fcrste<\/li>\n<li>fl\u00fcssige <a href=\"https:\/\/tapir.de\/shop\/lederpflege\/\">Lederpflege<\/a>*<\/li>\n<li>Glanzb\u00fcrste<\/li>\n<li><a href=\"https:\/\/tapir.de\/shop\/lederpflegecreme-farblos\/\">Lederpflegecreme<\/a> in farblos*<\/li>\n<\/ul>\n<p><em>*W\u00e4hlen Sie das Produkt je nachdem, was Ihr Sattel konkret ben\u00f6tigt aus! Sie brauchen also nicht alle der drei genannten Lederpflegemittel f\u00fcr die Pflege eines Sattels, nur je nach Bedarf eins!\u00a0<\/em><\/p>\n<div class=\"row\"  id=\"row-1248404035\">\n\n\n\t<div id=\"col-1541796780\" class=\"col small-12 large-12\"  >\n\t\t\t\t<div class=\"col-inner\"  >\n\t\t\t\n\t\t\t\n\n\t<div class=\"img has-hover x md-x lg-x y md-y lg-y\" id=\"image_1832010695\">\n\t\t\t\t\t\t\t\t<div class=\"img-inner dark\" >\n\t\t\t<img loading=\"lazy\" decoding=\"async\" width=\"1020\" height=\"765\" src=\"https:\/\/tapir.de\/wp-content\/uploads\/2026\/04\/IMG_8462-1067x800.jpeg\" class=\"attachment-large size-large\" alt=\"\" srcset=\"https:\/\/tapir.de\/wp-content\/uploads\/2026\/04\/IMG_8462-1067x800.jpeg 1067w, https:\/\/tapir.de\/wp-content\/uploads\/2026\/04\/IMG_8462-533x400.jpeg 533w, https:\/\/tapir.de\/wp-content\/uploads\/2026\/04\/IMG_8462-768x576.jpeg 768w, https:\/\/tapir.de\/wp-content\/uploads\/2026\/04\/IMG_8462-1536x1152.jpeg 1536w, https:\/\/tapir.de\/wp-content\/uploads\/2026\/04\/IMG_8462-2048x1536.jpeg 2048w, https:\/\/tapir.de\/wp-content\/uploads\/2026\/04\/IMG_8462-1320x990.jpeg 1320w, https:\/\/tapir.de\/wp-content\/uploads\/2026\/04\/IMG_8462-600x450.jpeg 600w\" sizes=\"auto, (max-width: 1020px) 100vw, 1020px\" \/>\t\t\t\t\t\t\n\t\t\t\t\t<\/div>\n\t\t\t\t\t\t\t\t\n<style>\n#image_1832010695 {\n  width: 100%;\n}\n<\/style>\n\t<\/div>\n\t\n\n\n\t\t<\/div>\n\t\t\t\t\t<\/div>\n\n\t\n\n<\/div>\n\t\n  \n    <div class=\"row large-columns-4 medium-columns-3 small-columns-2 row-small has-shadow row-box-shadow-2 slider row-slider slider-nav-reveal slider-nav-push\"  data-flickity-options='{&quot;imagesLoaded&quot;: true, &quot;groupCells&quot;: &quot;100%&quot;, &quot;dragThreshold&quot; : 5, &quot;cellAlign&quot;: &quot;left&quot;,&quot;wrapAround&quot;: true,&quot;prevNextButtons&quot;: true,&quot;percentPosition&quot;: true,&quot;pageDots&quot;: false, &quot;rightToLeft&quot;: false, &quot;autoPlay&quot; : false}' >\n\n  \n\t     <div class=\"product-small col has-hover product type-product post-21208 status-publish first instock product_cat-savon-pour-cuir-et-selles product_tag-cuir-lisse product_tag-nettoyage has-post-thumbnail taxable shipping-taxable purchasable product-type-simple\">\n\t<div class=\"col-inner\">\n\t\n<div class=\"badge-container absolute left top z-1\">\n\n<\/div>\n\t<div class=\"product-small box \">\n\t\t<div class=\"box-image\">\n\t\t\t<div class=\"image-none\">\n\t\t\t\t<a href=\"https:\/\/tapir.de\/fr\/shop\/cuir-et-savon-pour-selle\/\">\n\t\t\t\t\t<img loading=\"lazy\" decoding=\"async\" width=\"350\" height=\"350\" src=\"https:\/\/tapir.de\/wp-content\/uploads\/2020\/05\/90200-Tapir-Leder-Sattelseife1-350x350.jpg\" class=\"attachment-woocommerce_thumbnail size-woocommerce_thumbnail\" alt=\"Cuir et savon pour selle\" srcset=\"https:\/\/tapir.de\/wp-content\/uploads\/2020\/05\/90200-Tapir-Leder-Sattelseife1-350x350.jpg 350w, https:\/\/tapir.de\/wp-content\/uploads\/2020\/05\/90200-Tapir-Leder-Sattelseife1-400x400.jpg 400w, https:\/\/tapir.de\/wp-content\/uploads\/2020\/05\/90200-Tapir-Leder-Sattelseife1-800x800.jpg 800w, https:\/\/tapir.de\/wp-content\/uploads\/2020\/05\/90200-Tapir-Leder-Sattelseife1-280x280.jpg 280w, https:\/\/tapir.de\/wp-content\/uploads\/2020\/05\/90200-Tapir-Leder-Sattelseife1-768x768.jpg 768w, https:\/\/tapir.de\/wp-content\/uploads\/2020\/05\/90200-Tapir-Leder-Sattelseife1-600x600.jpg 600w, https:\/\/tapir.de\/wp-content\/uploads\/2020\/05\/90200-Tapir-Leder-Sattelseife1-100x100.jpg 100w, https:\/\/tapir.de\/wp-content\/uploads\/2020\/05\/90200-Tapir-Leder-Sattelseife1.jpg 1000w\" sizes=\"auto, (max-width: 350px) 100vw, 350px\" \/>\t\t\t\t<\/a>\n\t\t\t<\/div>\n\t\t\t<div class=\"image-tools is-small top right show-on-hover\">\n\t\t\t\t\t\t\t<\/div>\n\t\t\t<div class=\"image-tools is-small hide-for-small bottom left show-on-hover\">\n\t\t\t\t\t\t\t<\/div>\n\t\t\t<div class=\"image-tools grid-tools text-center hide-for-small bottom hover-slide-in show-on-hover\">\n\t\t\t\t\t\t\t<\/div>\n\t\t\t\t\t<\/div>\n\n\t\t<div class=\"box-text box-text-products text-center grid-style-2\">\n\t\t\t<div class=\"title-wrapper\"><p class=\"name product-title woocommerce-loop-product__title\"><a href=\"https:\/\/tapir.de\/fr\/shop\/cuir-et-savon-pour-selle\/\" class=\"woocommerce-LoopProduct-link woocommerce-loop-product__link\">Cuir et savon pour selle<\/a><\/p><\/div><div class=\"price-wrapper\"><\/a><p class=\"price\"><small><\/small><span class=\"woocommerce-Price-amount amount\"><bdi>17,50&nbsp;<span class=\"woocommerce-Price-currencySymbol\">&euro;<\/span><\/bdi><\/span><\/p>\n\t\t<div class=\"wgm-info woocommerce-de_price_taxrate \"><\/div>\n\t\t<span class=\"wgm-info price-per-unit price-per-unit-loop ppu-variation-wrap\">(<span class=\"woocommerce-Price-amount amount\"><bdi>8,75&nbsp;<span class=\"woocommerce-Price-currencySymbol\">&euro;<\/span><\/bdi><\/span> \/ 100 ml)<\/span><div class=\"wgm-info woocommerce_de_versandkosten\">En plus <a>du transport<\/a> maritime<\/div><\/div><div class=\"add-to-cart-button\"><a href=\"\/fr\/wp-json\/wp\/v2\/posts\/23367?add-to-cart=21208\" aria-describedby=\"woocommerce_loop_add_to_cart_link_describedby_21208\" data-quantity=\"1\" class=\"primary is-small mb-0 button product_type_simple add_to_cart_button ajax_add_to_cart is-outline\" data-product_id=\"21208\" data-product_sku=\"90200\" aria-label=\"Ajouter au panier\u00a0: &ldquo;Cuir et savon pour selle&rdquo;\" rel=\"nofollow\" data-success_message=\"\u00ab\u00a0Cuir et savon pour selle\u00a0\u00bb a \u00e9t\u00e9 ajout\u00e9 \u00e0 votre panier\" role=\"button\">Ajouter au panier<\/a><\/div>\t<span id=\"woocommerce_loop_add_to_cart_link_describedby_21208\" class=\"screen-reader-text\">\n\t\t\t<\/span>\n\t\t<\/div>\n\t<\/div>\n\t<span class=\"gtm4wp_productdata\" style=\"display:none; visibility:hidden;\" data-gtm4wp_product_data=\"{&quot;internal_id&quot;:21208,&quot;item_id&quot;:21208,&quot;item_name&quot;:&quot;Cuir et savon pour selle&quot;,&quot;sku&quot;:&quot;90200&quot;,&quot;price&quot;:17.5,&quot;stocklevel&quot;:null,&quot;stockstatus&quot;:&quot;instock&quot;,&quot;google_business_vertical&quot;:&quot;retail&quot;,&quot;item_category&quot;:&quot;Savon pour cuir et selles&quot;,&quot;id&quot;:21208,&quot;productlink&quot;:&quot;https:\\\/\\\/tapir.de\\\/fr\\\/shop\\\/cuir-et-savon-pour-selle\\\/&quot;,&quot;item_list_name&quot;:&quot;Liste g\\u00e9n\\u00e9rale des produits&quot;,&quot;index&quot;:7,&quot;product_type&quot;:&quot;simple&quot;,&quot;item_brand&quot;:&quot;&quot;}\"><\/span>\t<\/div>\n<\/div><div class=\"product-small col has-hover product type-product post-21239 status-publish instock product_cat-creme-pour-le-soin-du-cuir product_tag-chaussure-denfant product_tag-chaussure-pour-femmes product_tag-chaussure-pour-hommes product_tag-cuir-lisse product_tag-gloss product_tag-soins has-post-thumbnail taxable shipping-taxable purchasable product-type-simple\">\n\t<div class=\"col-inner\">\n\t\n<div class=\"badge-container absolute left top z-1\">\n\n<\/div>\n\t<div class=\"product-small box \">\n\t\t<div class=\"box-image\">\n\t\t\t<div class=\"image-none\">\n\t\t\t\t<a href=\"https:\/\/tapir.de\/fr\/shop\/creme-pour-le-cuir-incolore\/\">\n\t\t\t\t\t<img loading=\"lazy\" decoding=\"async\" width=\"350\" height=\"350\" src=\"https:\/\/tapir.de\/wp-content\/uploads\/2020\/03\/80075-Lederpflegecreme-350x350.jpg\" class=\"attachment-woocommerce_thumbnail size-woocommerce_thumbnail\" alt=\"Cr\u00e8me pour le cuir incolore\" srcset=\"https:\/\/tapir.de\/wp-content\/uploads\/2020\/03\/80075-Lederpflegecreme-350x350.jpg 350w, https:\/\/tapir.de\/wp-content\/uploads\/2020\/03\/80075-Lederpflegecreme-400x400.jpg 400w, https:\/\/tapir.de\/wp-content\/uploads\/2020\/03\/80075-Lederpflegecreme-800x800.jpg 800w, https:\/\/tapir.de\/wp-content\/uploads\/2020\/03\/80075-Lederpflegecreme-280x280.jpg 280w, https:\/\/tapir.de\/wp-content\/uploads\/2020\/03\/80075-Lederpflegecreme-768x768.jpg 768w, https:\/\/tapir.de\/wp-content\/uploads\/2020\/03\/80075-Lederpflegecreme-1536x1536.jpg 1536w, https:\/\/tapir.de\/wp-content\/uploads\/2020\/03\/80075-Lederpflegecreme-2048x2048.jpg 2048w, https:\/\/tapir.de\/wp-content\/uploads\/2020\/03\/80075-Lederpflegecreme-1320x1320.jpg 1320w, https:\/\/tapir.de\/wp-content\/uploads\/2020\/03\/80075-Lederpflegecreme-600x600.jpg 600w, https:\/\/tapir.de\/wp-content\/uploads\/2020\/03\/80075-Lederpflegecreme-100x100.jpg 100w\" sizes=\"auto, (max-width: 350px) 100vw, 350px\" \/>\t\t\t\t<\/a>\n\t\t\t<\/div>\n\t\t\t<div class=\"image-tools is-small top right show-on-hover\">\n\t\t\t\t\t\t\t<\/div>\n\t\t\t<div class=\"image-tools is-small hide-for-small bottom left show-on-hover\">\n\t\t\t\t\t\t\t<\/div>\n\t\t\t<div class=\"image-tools grid-tools text-center hide-for-small bottom hover-slide-in show-on-hover\">\n\t\t\t\t\t\t\t<\/div>\n\t\t\t\t\t<\/div>\n\n\t\t<div class=\"box-text box-text-products text-center grid-style-2\">\n\t\t\t<div class=\"title-wrapper\"><p class=\"name product-title woocommerce-loop-product__title\"><a href=\"https:\/\/tapir.de\/fr\/shop\/creme-pour-le-cuir-incolore\/\" class=\"woocommerce-LoopProduct-link woocommerce-loop-product__link\">Cr\u00e8me pour le cuir incolore<\/a><\/p><\/div><div class=\"price-wrapper\"><\/a><p class=\"price\"><small><\/small><span class=\"woocommerce-Price-amount amount\"><bdi>9,90&nbsp;<span class=\"woocommerce-Price-currencySymbol\">&euro;<\/span><\/bdi><\/span><\/p>\n\t\t<div class=\"wgm-info woocommerce-de_price_taxrate \"><\/div>\n\t\t<span class=\"wgm-info price-per-unit price-per-unit-loop ppu-variation-wrap\">(<span class=\"woocommerce-Price-amount amount\"><bdi>13,20&nbsp;<span class=\"woocommerce-Price-currencySymbol\">&euro;<\/span><\/bdi><\/span> \/ 100 cm)<\/span><div class=\"wgm-info woocommerce_de_versandkosten\">En plus <a>du transport<\/a> maritime<\/div><\/div><div class=\"add-to-cart-button\"><a href=\"\/fr\/wp-json\/wp\/v2\/posts\/23367?add-to-cart=21239\" aria-describedby=\"woocommerce_loop_add_to_cart_link_describedby_21239\" data-quantity=\"1\" class=\"primary is-small mb-0 button product_type_simple add_to_cart_button ajax_add_to_cart is-outline\" data-product_id=\"21239\" data-product_sku=\"80075\" aria-label=\"Ajouter au panier\u00a0: &ldquo;Cr\u00e8me pour le cuir incolore&rdquo;\" rel=\"nofollow\" data-success_message=\"\u00ab\u00a0Cr\u00e8me pour le cuir incolore\u00a0\u00bb a \u00e9t\u00e9 ajout\u00e9 \u00e0 votre panier\" role=\"button\">Ajouter au panier<\/a><\/div>\t<span id=\"woocommerce_loop_add_to_cart_link_describedby_21239\" class=\"screen-reader-text\">\n\t\t\t<\/span>\n\t\t<\/div>\n\t<\/div>\n\t<span class=\"gtm4wp_productdata\" style=\"display:none; visibility:hidden;\" data-gtm4wp_product_data=\"{&quot;internal_id&quot;:21239,&quot;item_id&quot;:21239,&quot;item_name&quot;:&quot;Cr\\u00e8me pour le cuir incolore&quot;,&quot;sku&quot;:&quot;80075&quot;,&quot;price&quot;:9.9000000000000003552713678800500929355621337890625,&quot;stocklevel&quot;:null,&quot;stockstatus&quot;:&quot;instock&quot;,&quot;google_business_vertical&quot;:&quot;retail&quot;,&quot;item_category&quot;:&quot;Cr\\u00e8me pour le soin du cuir&quot;,&quot;id&quot;:21239,&quot;productlink&quot;:&quot;https:\\\/\\\/tapir.de\\\/fr\\\/shop\\\/creme-pour-le-cuir-incolore\\\/&quot;,&quot;item_list_name&quot;:&quot;Liste g\\u00e9n\\u00e9rale des produits&quot;,&quot;index&quot;:8,&quot;product_type&quot;:&quot;simple&quot;,&quot;item_brand&quot;:&quot;&quot;}\"><\/span>\t<\/div>\n<\/div><div class=\"product-small col has-hover product type-product post-21177 status-publish last instock product_cat-soins-du-cuir-pour-cuir-de-qualite product_tag-soins has-post-thumbnail taxable shipping-taxable purchasable product-type-simple\">\n\t<div class=\"col-inner\">\n\t\n<div class=\"badge-container absolute left top z-1\">\n\n<\/div>\n\t<div class=\"product-small box \">\n\t\t<div class=\"box-image\">\n\t\t\t<div class=\"image-none\">\n\t\t\t\t<a href=\"https:\/\/tapir.de\/fr\/shop\/soins-du-cuir\/\">\n\t\t\t\t\t<img loading=\"lazy\" decoding=\"async\" width=\"350\" height=\"350\" src=\"https:\/\/tapir.de\/wp-content\/uploads\/2020\/05\/50100-Lederpflege-Tapir-350x350.jpg\" class=\"attachment-woocommerce_thumbnail size-woocommerce_thumbnail\" alt=\"Soins du cuir\" srcset=\"https:\/\/tapir.de\/wp-content\/uploads\/2020\/05\/50100-Lederpflege-Tapir-350x350.jpg 350w, https:\/\/tapir.de\/wp-content\/uploads\/2020\/05\/50100-Lederpflege-Tapir-400x400.jpg 400w, https:\/\/tapir.de\/wp-content\/uploads\/2020\/05\/50100-Lederpflege-Tapir-800x800.jpg 800w, https:\/\/tapir.de\/wp-content\/uploads\/2020\/05\/50100-Lederpflege-Tapir-280x280.jpg 280w, https:\/\/tapir.de\/wp-content\/uploads\/2020\/05\/50100-Lederpflege-Tapir-768x768.jpg 768w, https:\/\/tapir.de\/wp-content\/uploads\/2020\/05\/50100-Lederpflege-Tapir-1320x1320.jpg 1320w, https:\/\/tapir.de\/wp-content\/uploads\/2020\/05\/50100-Lederpflege-Tapir-600x600.jpg 600w, https:\/\/tapir.de\/wp-content\/uploads\/2020\/05\/50100-Lederpflege-Tapir-100x100.jpg 100w, https:\/\/tapir.de\/wp-content\/uploads\/2020\/05\/50100-Lederpflege-Tapir.jpg 1500w\" sizes=\"auto, (max-width: 350px) 100vw, 350px\" \/>\t\t\t\t<\/a>\n\t\t\t<\/div>\n\t\t\t<div class=\"image-tools is-small top right show-on-hover\">\n\t\t\t\t\t\t\t<\/div>\n\t\t\t<div class=\"image-tools is-small hide-for-small bottom left show-on-hover\">\n\t\t\t\t\t\t\t<\/div>\n\t\t\t<div class=\"image-tools grid-tools text-center hide-for-small bottom hover-slide-in show-on-hover\">\n\t\t\t\t\t\t\t<\/div>\n\t\t\t\t\t<\/div>\n\n\t\t<div class=\"box-text box-text-products text-center grid-style-2\">\n\t\t\t<div class=\"title-wrapper\"><p class=\"name product-title woocommerce-loop-product__title\"><a href=\"https:\/\/tapir.de\/fr\/shop\/soins-du-cuir\/\" class=\"woocommerce-LoopProduct-link woocommerce-loop-product__link\">Soins du cuir<\/a><\/p><\/div><div class=\"price-wrapper\"><\/a><p class=\"price\"><small><\/small><span class=\"woocommerce-Price-amount amount\"><bdi>10,50&nbsp;<span class=\"woocommerce-Price-currencySymbol\">&euro;<\/span><\/bdi><\/span><\/p>\n\t\t<div class=\"wgm-info woocommerce-de_price_taxrate \"><\/div>\n\t\t<span class=\"wgm-info price-per-unit price-per-unit-loop ppu-variation-wrap\">(<span class=\"woocommerce-Price-amount amount\"><bdi>10,50&nbsp;<span class=\"woocommerce-Price-currencySymbol\">&euro;<\/span><\/bdi><\/span> \/ 100 ml)<\/span><div class=\"wgm-info woocommerce_de_versandkosten\">En plus <a>du transport<\/a> maritime<\/div><\/div><div class=\"add-to-cart-button\"><a href=\"\/fr\/wp-json\/wp\/v2\/posts\/23367?add-to-cart=21177\" aria-describedby=\"woocommerce_loop_add_to_cart_link_describedby_21177\" data-quantity=\"1\" class=\"primary is-small mb-0 button product_type_simple add_to_cart_button ajax_add_to_cart is-outline\" data-product_id=\"21177\" data-product_sku=\"50100\" aria-label=\"Ajouter au panier\u00a0: &ldquo;Soins du cuir&rdquo;\" rel=\"nofollow\" data-success_message=\"\u00ab\u00a0Soins du cuir\u00a0\u00bb a \u00e9t\u00e9 ajout\u00e9 \u00e0 votre panier\" role=\"button\">Ajouter au panier<\/a><\/div>\t<span id=\"woocommerce_loop_add_to_cart_link_describedby_21177\" class=\"screen-reader-text\">\n\t\t\t<\/span>\n\t\t<\/div>\n\t<\/div>\n\t<span class=\"gtm4wp_productdata\" style=\"display:none; visibility:hidden;\" data-gtm4wp_product_data=\"{&quot;internal_id&quot;:21177,&quot;item_id&quot;:21177,&quot;item_name&quot;:&quot;Soins du cuir&quot;,&quot;sku&quot;:&quot;50100&quot;,&quot;price&quot;:10.5,&quot;stocklevel&quot;:null,&quot;stockstatus&quot;:&quot;instock&quot;,&quot;google_business_vertical&quot;:&quot;retail&quot;,&quot;item_category&quot;:&quot;Soins du cuir pour cuir de qualit\\u00e9&quot;,&quot;id&quot;:21177,&quot;productlink&quot;:&quot;https:\\\/\\\/tapir.de\\\/fr\\\/shop\\\/soins-du-cuir\\\/&quot;,&quot;item_list_name&quot;:&quot;Liste g\\u00e9n\\u00e9rale des produits&quot;,&quot;index&quot;:9,&quot;product_type&quot;:&quot;simple&quot;,&quot;item_brand&quot;:&quot;&quot;}\"><\/span>\t<\/div>\n<\/div><div class=\"product-small col has-hover product type-product post-20765 status-publish first instock product_cat-brosses product_tag-accessoires has-post-thumbnail taxable shipping-taxable purchasable product-type-simple\">\n\t<div class=\"col-inner\">\n\t\n<div class=\"badge-container absolute left top z-1\">\n\n<\/div>\n\t<div class=\"product-small box \">\n\t\t<div class=\"box-image\">\n\t\t\t<div class=\"image-none\">\n\t\t\t\t<a href=\"https:\/\/tapir.de\/fr\/shop\/brosse-brillante-avec-crin-de-cheval-brun-a-fentes\/\">\n\t\t\t\t\t<img loading=\"lazy\" decoding=\"async\" width=\"350\" height=\"350\" src=\"https:\/\/tapir.de\/wp-content\/uploads\/2025\/01\/00904T_Glanzbuerste_mit_braunem_geschlitztem_Rosshaar_1-350x350.jpg\" class=\"attachment-woocommerce_thumbnail size-woocommerce_thumbnail\" alt=\"Brosse brillante avec crin de cheval brun \u00e0 fentes\" srcset=\"https:\/\/tapir.de\/wp-content\/uploads\/2025\/01\/00904T_Glanzbuerste_mit_braunem_geschlitztem_Rosshaar_1-350x350.jpg 350w, https:\/\/tapir.de\/wp-content\/uploads\/2025\/01\/00904T_Glanzbuerste_mit_braunem_geschlitztem_Rosshaar_1-400x400.jpg 400w, https:\/\/tapir.de\/wp-content\/uploads\/2025\/01\/00904T_Glanzbuerste_mit_braunem_geschlitztem_Rosshaar_1-800x800.jpg 800w, https:\/\/tapir.de\/wp-content\/uploads\/2025\/01\/00904T_Glanzbuerste_mit_braunem_geschlitztem_Rosshaar_1-280x280.jpg 280w, https:\/\/tapir.de\/wp-content\/uploads\/2025\/01\/00904T_Glanzbuerste_mit_braunem_geschlitztem_Rosshaar_1-768x768.jpg 768w, https:\/\/tapir.de\/wp-content\/uploads\/2025\/01\/00904T_Glanzbuerste_mit_braunem_geschlitztem_Rosshaar_1-1320x1320.jpg 1320w, https:\/\/tapir.de\/wp-content\/uploads\/2025\/01\/00904T_Glanzbuerste_mit_braunem_geschlitztem_Rosshaar_1-600x600.jpg 600w, https:\/\/tapir.de\/wp-content\/uploads\/2025\/01\/00904T_Glanzbuerste_mit_braunem_geschlitztem_Rosshaar_1-100x100.jpg 100w, https:\/\/tapir.de\/wp-content\/uploads\/2025\/01\/00904T_Glanzbuerste_mit_braunem_geschlitztem_Rosshaar_1.jpg 1500w\" sizes=\"auto, (max-width: 350px) 100vw, 350px\" \/>\t\t\t\t<\/a>\n\t\t\t<\/div>\n\t\t\t<div class=\"image-tools is-small top right show-on-hover\">\n\t\t\t\t\t\t\t<\/div>\n\t\t\t<div class=\"image-tools is-small hide-for-small bottom left show-on-hover\">\n\t\t\t\t\t\t\t<\/div>\n\t\t\t<div class=\"image-tools grid-tools text-center hide-for-small bottom hover-slide-in show-on-hover\">\n\t\t\t\t\t\t\t<\/div>\n\t\t\t\t\t<\/div>\n\n\t\t<div class=\"box-text box-text-products text-center grid-style-2\">\n\t\t\t<div class=\"title-wrapper\"><p class=\"name product-title woocommerce-loop-product__title\"><a href=\"https:\/\/tapir.de\/fr\/shop\/brosse-brillante-avec-crin-de-cheval-brun-a-fentes\/\" class=\"woocommerce-LoopProduct-link woocommerce-loop-product__link\">Brosse brillante avec crin de cheval brun \u00e0 fentes<\/a><\/p><\/div><div class=\"price-wrapper\"><\/a><p class=\"price\"><small><\/small><span class=\"woocommerce-Price-amount amount\"><bdi>20,90&nbsp;<span class=\"woocommerce-Price-currencySymbol\">&euro;<\/span><\/bdi><\/span><\/p>\n\t\t<div class=\"wgm-info woocommerce-de_price_taxrate \"><\/div>\n\t\t<div class=\"wgm-info woocommerce_de_versandkosten\">En plus <a>du transport<\/a> maritime<\/div><\/div><div class=\"add-to-cart-button\"><a href=\"\/fr\/wp-json\/wp\/v2\/posts\/23367?add-to-cart=20765\" aria-describedby=\"woocommerce_loop_add_to_cart_link_describedby_20765\" data-quantity=\"1\" class=\"primary is-small mb-0 button product_type_simple add_to_cart_button ajax_add_to_cart is-outline\" data-product_id=\"20765\" data-product_sku=\"00904T\" aria-label=\"Ajouter au panier\u00a0: &ldquo;Brosse brillante avec crin de cheval brun \u00e0 fentes&rdquo;\" rel=\"nofollow\" data-success_message=\"\u00ab\u00a0Brosse brillante avec crin de cheval brun \u00e0 fentes\u00a0\u00bb a \u00e9t\u00e9 ajout\u00e9 \u00e0 votre panier\" role=\"button\">Ajouter au panier<\/a><\/div>\t<span id=\"woocommerce_loop_add_to_cart_link_describedby_20765\" class=\"screen-reader-text\">\n\t\t\t<\/span>\n\t\t<\/div>\n\t<\/div>\n\t<span class=\"gtm4wp_productdata\" style=\"display:none; visibility:hidden;\" data-gtm4wp_product_data=\"{&quot;internal_id&quot;:20765,&quot;item_id&quot;:20765,&quot;item_name&quot;:&quot;Brosse brillante avec crin de cheval brun \\u00e0 fentes&quot;,&quot;sku&quot;:&quot;00904T&quot;,&quot;price&quot;:20.89999999999999857891452847979962825775146484375,&quot;stocklevel&quot;:null,&quot;stockstatus&quot;:&quot;instock&quot;,&quot;google_business_vertical&quot;:&quot;retail&quot;,&quot;item_category&quot;:&quot;Brosses&quot;,&quot;id&quot;:20765,&quot;productlink&quot;:&quot;https:\\\/\\\/tapir.de\\\/fr\\\/shop\\\/brosse-brillante-avec-crin-de-cheval-brun-a-fentes\\\/&quot;,&quot;item_list_name&quot;:&quot;Liste g\\u00e9n\\u00e9rale des produits&quot;,&quot;index&quot;:10,&quot;product_type&quot;:&quot;simple&quot;,&quot;item_brand&quot;:&quot;&quot;}\"><\/span>\t<\/div>\n<\/div><div class=\"product-small col has-hover product type-product post-20947 status-publish instock product_cat-brosses product_tag-accessoires has-post-thumbnail taxable shipping-taxable purchasable product-type-simple\">\n\t<div class=\"col-inner\">\n\t\n<div class=\"badge-container absolute left top z-1\">\n\n<\/div>\n\t<div class=\"product-small box \">\n\t\t<div class=\"box-image\">\n\t\t\t<div class=\"image-none\">\n\t\t\t\t<a href=\"https:\/\/tapir.de\/fr\/shop\/brosse-dapplication-ronde-en-crin-de-cheval-fonce\/\">\n\t\t\t\t\t<img loading=\"lazy\" decoding=\"async\" width=\"350\" height=\"350\" src=\"https:\/\/tapir.de\/wp-content\/uploads\/2025\/01\/00906_Runde_Auftragsbuerste_aus_dunklem_Rosshaar_1-350x350.jpg\" class=\"attachment-woocommerce_thumbnail size-woocommerce_thumbnail\" alt=\"Brosse d\u2019application ronde en crin de cheval fonc\u00e9\" srcset=\"https:\/\/tapir.de\/wp-content\/uploads\/2025\/01\/00906_Runde_Auftragsbuerste_aus_dunklem_Rosshaar_1-350x350.jpg 350w, https:\/\/tapir.de\/wp-content\/uploads\/2025\/01\/00906_Runde_Auftragsbuerste_aus_dunklem_Rosshaar_1-400x400.jpg 400w, https:\/\/tapir.de\/wp-content\/uploads\/2025\/01\/00906_Runde_Auftragsbuerste_aus_dunklem_Rosshaar_1-800x800.jpg 800w, https:\/\/tapir.de\/wp-content\/uploads\/2025\/01\/00906_Runde_Auftragsbuerste_aus_dunklem_Rosshaar_1-280x280.jpg 280w, https:\/\/tapir.de\/wp-content\/uploads\/2025\/01\/00906_Runde_Auftragsbuerste_aus_dunklem_Rosshaar_1-768x768.jpg 768w, https:\/\/tapir.de\/wp-content\/uploads\/2025\/01\/00906_Runde_Auftragsbuerste_aus_dunklem_Rosshaar_1-1320x1320.jpg 1320w, https:\/\/tapir.de\/wp-content\/uploads\/2025\/01\/00906_Runde_Auftragsbuerste_aus_dunklem_Rosshaar_1-600x600.jpg 600w, https:\/\/tapir.de\/wp-content\/uploads\/2025\/01\/00906_Runde_Auftragsbuerste_aus_dunklem_Rosshaar_1-100x100.jpg 100w, https:\/\/tapir.de\/wp-content\/uploads\/2025\/01\/00906_Runde_Auftragsbuerste_aus_dunklem_Rosshaar_1.jpg 1500w\" sizes=\"auto, (max-width: 350px) 100vw, 350px\" \/>\t\t\t\t<\/a>\n\t\t\t<\/div>\n\t\t\t<div class=\"image-tools is-small top right show-on-hover\">\n\t\t\t\t\t\t\t<\/div>\n\t\t\t<div class=\"image-tools is-small hide-for-small bottom left show-on-hover\">\n\t\t\t\t\t\t\t<\/div>\n\t\t\t<div class=\"image-tools grid-tools text-center hide-for-small bottom hover-slide-in show-on-hover\">\n\t\t\t\t\t\t\t<\/div>\n\t\t\t\t\t<\/div>\n\n\t\t<div class=\"box-text box-text-products text-center grid-style-2\">\n\t\t\t<div class=\"title-wrapper\"><p class=\"name product-title woocommerce-loop-product__title\"><a href=\"https:\/\/tapir.de\/fr\/shop\/brosse-dapplication-ronde-en-crin-de-cheval-fonce\/\" class=\"woocommerce-LoopProduct-link woocommerce-loop-product__link\">Brosse d\u2019application ronde en crin de cheval fonc\u00e9<\/a><\/p><\/div><div class=\"price-wrapper\"><\/a><p class=\"price\"><small><\/small><span class=\"woocommerce-Price-amount amount\"><bdi>4,50&nbsp;<span class=\"woocommerce-Price-currencySymbol\">&euro;<\/span><\/bdi><\/span><\/p>\n\t\t<div class=\"wgm-info woocommerce-de_price_taxrate \"><\/div>\n\t\t<div class=\"wgm-info woocommerce_de_versandkosten\">En plus <a>du transport<\/a> maritime<\/div><\/div><div class=\"add-to-cart-button\"><a href=\"\/fr\/wp-json\/wp\/v2\/posts\/23367?add-to-cart=20947\" aria-describedby=\"woocommerce_loop_add_to_cart_link_describedby_20947\" data-quantity=\"1\" class=\"primary is-small mb-0 button product_type_simple add_to_cart_button ajax_add_to_cart is-outline\" data-product_id=\"20947\" data-product_sku=\"00906\" aria-label=\"Ajouter au panier\u00a0: &ldquo;Brosse d\u2019application ronde en crin de cheval fonc\u00e9&rdquo;\" rel=\"nofollow\" data-success_message=\"\u00ab\u00a0Brosse d\u2019application ronde en crin de cheval fonc\u00e9\u00a0\u00bb a \u00e9t\u00e9 ajout\u00e9 \u00e0 votre panier\" role=\"button\">Ajouter au panier<\/a><\/div>\t<span id=\"woocommerce_loop_add_to_cart_link_describedby_20947\" class=\"screen-reader-text\">\n\t\t\t<\/span>\n\t\t<\/div>\n\t<\/div>\n\t<span class=\"gtm4wp_productdata\" style=\"display:none; visibility:hidden;\" data-gtm4wp_product_data=\"{&quot;internal_id&quot;:20947,&quot;item_id&quot;:20947,&quot;item_name&quot;:&quot;Brosse d\\u2019application ronde en crin de cheval fonc\\u00e9&quot;,&quot;sku&quot;:&quot;00906&quot;,&quot;price&quot;:4.5,&quot;stocklevel&quot;:null,&quot;stockstatus&quot;:&quot;instock&quot;,&quot;google_business_vertical&quot;:&quot;retail&quot;,&quot;item_category&quot;:&quot;Brosses&quot;,&quot;id&quot;:20947,&quot;productlink&quot;:&quot;https:\\\/\\\/tapir.de\\\/fr\\\/shop\\\/brosse-dapplication-ronde-en-crin-de-cheval-fonce\\\/&quot;,&quot;item_list_name&quot;:&quot;Liste g\\u00e9n\\u00e9rale des produits&quot;,&quot;index&quot;:11,&quot;product_type&quot;:&quot;simple&quot;,&quot;item_brand&quot;:&quot;&quot;}\"><\/span>\t<\/div>\n<\/div><div class=\"product-small col has-hover product type-product post-20872 status-publish last instock product_cat-accessoires product_tag-accessoires product_tag-canape-en-cuir product_tag-cuir-en-daim product_tag-cuir-lisse has-post-thumbnail taxable shipping-taxable purchasable product-type-simple\">\n\t<div class=\"col-inner\">\n\t\n<div class=\"badge-container absolute left top z-1\">\n\n<\/div>\n\t<div class=\"product-small box \">\n\t\t<div class=\"box-image\">\n\t\t\t<div class=\"image-none\">\n\t\t\t\t<a href=\"https:\/\/tapir.de\/fr\/shop\/eponge-gonflante-en-cellulose-naturelle\/\">\n\t\t\t\t\t<img loading=\"lazy\" decoding=\"async\" width=\"350\" height=\"350\" src=\"https:\/\/tapir.de\/wp-content\/uploads\/2020\/07\/Tapir_Quellschwamm-scaled-350x350.jpeg\" class=\"attachment-woocommerce_thumbnail size-woocommerce_thumbnail\" alt=\"\u00c9ponge gonflante en cellulose naturelle\" srcset=\"https:\/\/tapir.de\/wp-content\/uploads\/2020\/07\/Tapir_Quellschwamm-scaled-350x350.jpeg 350w, https:\/\/tapir.de\/wp-content\/uploads\/2020\/07\/Tapir_Quellschwamm-scaled-100x100.jpeg 100w, https:\/\/tapir.de\/wp-content\/uploads\/2020\/07\/Tapir_Quellschwamm-280x280.jpeg 280w\" sizes=\"auto, (max-width: 350px) 100vw, 350px\" \/>\t\t\t\t<\/a>\n\t\t\t<\/div>\n\t\t\t<div class=\"image-tools is-small top right show-on-hover\">\n\t\t\t\t\t\t\t<\/div>\n\t\t\t<div class=\"image-tools is-small hide-for-small bottom left show-on-hover\">\n\t\t\t\t\t\t\t<\/div>\n\t\t\t<div class=\"image-tools grid-tools text-center hide-for-small bottom hover-slide-in show-on-hover\">\n\t\t\t\t\t\t\t<\/div>\n\t\t\t\t\t<\/div>\n\n\t\t<div class=\"box-text box-text-products text-center grid-style-2\">\n\t\t\t<div class=\"title-wrapper\"><p class=\"name product-title woocommerce-loop-product__title\"><a href=\"https:\/\/tapir.de\/fr\/shop\/eponge-gonflante-en-cellulose-naturelle\/\" class=\"woocommerce-LoopProduct-link woocommerce-loop-product__link\">\u00c9ponge gonflante en cellulose naturelle<\/a><\/p><\/div><div class=\"price-wrapper\"><\/a><p class=\"price\"><small><\/small><span class=\"woocommerce-Price-amount amount\"><bdi>3,90&nbsp;<span class=\"woocommerce-Price-currencySymbol\">&euro;<\/span><\/bdi><\/span><\/p>\n\t\t<div class=\"wgm-info woocommerce-de_price_taxrate \"><\/div>\n\t\t<div class=\"wgm-info woocommerce_de_versandkosten\">En plus <a>du transport<\/a> maritime<\/div><\/div><div class=\"add-to-cart-button\"><a href=\"\/fr\/wp-json\/wp\/v2\/posts\/23367?add-to-cart=20872\" aria-describedby=\"woocommerce_loop_add_to_cart_link_describedby_20872\" data-quantity=\"1\" class=\"primary is-small mb-0 button product_type_simple add_to_cart_button ajax_add_to_cart is-outline\" data-product_id=\"20872\" data-product_sku=\"76020\" aria-label=\"Ajouter au panier\u00a0: &ldquo;\u00c9ponge gonflante en cellulose naturelle&rdquo;\" rel=\"nofollow\" data-success_message=\"\u00ab\u00a0\u00c9ponge gonflante en cellulose naturelle\u00a0\u00bb a \u00e9t\u00e9 ajout\u00e9 \u00e0 votre panier\" role=\"button\">Ajouter au panier<\/a><\/div>\t<span id=\"woocommerce_loop_add_to_cart_link_describedby_20872\" class=\"screen-reader-text\">\n\t\t\t<\/span>\n\t\t<\/div>\n\t<\/div>\n\t<span class=\"gtm4wp_productdata\" style=\"display:none; visibility:hidden;\" data-gtm4wp_product_data=\"{&quot;internal_id&quot;:20872,&quot;item_id&quot;:20872,&quot;item_name&quot;:&quot;\\u00c9ponge gonflante en cellulose naturelle&quot;,&quot;sku&quot;:&quot;76020&quot;,&quot;price&quot;:3.899999999999999911182158029987476766109466552734375,&quot;stocklevel&quot;:null,&quot;stockstatus&quot;:&quot;instock&quot;,&quot;google_business_vertical&quot;:&quot;retail&quot;,&quot;item_category&quot;:&quot;Accessoires&quot;,&quot;id&quot;:20872,&quot;productlink&quot;:&quot;https:\\\/\\\/tapir.de\\\/fr\\\/shop\\\/eponge-gonflante-en-cellulose-naturelle\\\/&quot;,&quot;item_list_name&quot;:&quot;Liste g\\u00e9n\\u00e9rale des produits&quot;,&quot;index&quot;:12,&quot;product_type&quot;:&quot;simple&quot;,&quot;item_brand&quot;:&quot;&quot;}\"><\/span>\t<\/div>\n<\/div><\/div>\n\n<h3 style=\"text-align: center;\"><span style=\"color: #800000;\"><strong>Nat\u00fcrliche Reinigung<\/strong><\/span><\/h3>\n<p>Zun\u00e4chst einmal muss der Sattel gereinigt werden. Bei Glattleder gelingt dies am besten mit unserer nat\u00fcrlichen <a href=\"https:\/\/tapir.de\/shop\/tapir-leder-und-sattelseife\/\">Leder- und Sattelseife<\/a>.<\/p>\n<p style=\"text-align: left;\">Diese wird ordentlich mithilfe des feuchten Schwamms mit kreisenden Bewegungen aus der Dose entnommen und gleichm\u00e4\u00dfig aufgetragen. Man sieht direkt, wie das Leder die Seife einzieht. Das bedeutet also, dass der Sattel nicht wasserabweisend ist. Nun bekommt die Seife etwas Zeit zum arbeiten. Nach einer kurzen Einwirkzeit wird der Reinigungsvorgang wiederholt. <br \/>Danach kann der Schaum mit dem sauberen Schwamm wieder abgenommen werden.<\/p>\n<p style=\"text-align: left;\"><br \/><strong>Die Leder- und Sattelseife reinigt nicht nur ausgiebig, sondern verhilft gleichzeitig zu einer sanften <a href=\"https:\/\/tapir.de\/schuh-und-lederpflege\/\">Lederpflege<\/a>.<\/strong><\/p>\n<div class=\"row\"  id=\"row-754747328\">\n\n\n\t<div id=\"col-1760416476\" class=\"col medium-4 small-12 large-4\"  >\n\t\t\t\t<div class=\"col-inner\"  >\n\t\t\t\n\t\t\t\n\n\t<div class=\"img has-hover x md-x lg-x y md-y lg-y\" id=\"image_1583308564\">\n\t\t\t\t\t\t\t\t<div class=\"img-inner dark\" >\n\t\t\t<img loading=\"lazy\" decoding=\"async\" width=\"450\" height=\"800\" src=\"https:\/\/tapir.de\/wp-content\/uploads\/2026\/04\/IMG_8478-450x800.jpg\" class=\"attachment-large size-large\" alt=\"\" srcset=\"https:\/\/tapir.de\/wp-content\/uploads\/2026\/04\/IMG_8478-450x800.jpg 450w, https:\/\/tapir.de\/wp-content\/uploads\/2026\/04\/IMG_8478-225x400.jpg 225w, https:\/\/tapir.de\/wp-content\/uploads\/2026\/04\/IMG_8478-768x1365.jpg 768w, https:\/\/tapir.de\/wp-content\/uploads\/2026\/04\/IMG_8478-864x1536.jpg 864w, https:\/\/tapir.de\/wp-content\/uploads\/2026\/04\/IMG_8478-1152x2048.jpg 1152w, https:\/\/tapir.de\/wp-content\/uploads\/2026\/04\/IMG_8478-1320x2347.jpg 1320w, https:\/\/tapir.de\/wp-content\/uploads\/2026\/04\/IMG_8478-600x1067.jpg 600w, https:\/\/tapir.de\/wp-content\/uploads\/2026\/04\/IMG_8478-scaled.jpg 1440w\" sizes=\"auto, (max-width: 450px) 100vw, 450px\" \/>\t\t\t\t\t\t\n\t\t\t\t\t<\/div>\n\t\t\t\t\t\t\t\t\n<style>\n#image_1583308564 {\n  width: 100%;\n}\n<\/style>\n\t<\/div>\n\t\n\n\n\t\t<\/div>\n\t\t\t\t\t<\/div>\n\n\t\n\n\t<div id=\"col-1758072868\" class=\"col medium-4 small-12 large-4\"  >\n\t\t\t\t<div class=\"col-inner\"  >\n\t\t\t\n\t\t\t\n\n\t<div class=\"img has-hover x md-x lg-x y md-y lg-y\" id=\"image_425098854\">\n\t\t\t\t\t\t\t\t<div class=\"img-inner dark\" >\n\t\t\t<img loading=\"lazy\" decoding=\"async\" width=\"450\" height=\"800\" src=\"https:\/\/tapir.de\/wp-content\/uploads\/2026\/04\/IMG_8489-450x800.jpg\" class=\"attachment-large size-large\" alt=\"\" srcset=\"https:\/\/tapir.de\/wp-content\/uploads\/2026\/04\/IMG_8489-450x800.jpg 450w, https:\/\/tapir.de\/wp-content\/uploads\/2026\/04\/IMG_8489-225x400.jpg 225w, https:\/\/tapir.de\/wp-content\/uploads\/2026\/04\/IMG_8489-768x1365.jpg 768w, https:\/\/tapir.de\/wp-content\/uploads\/2026\/04\/IMG_8489-864x1536.jpg 864w, https:\/\/tapir.de\/wp-content\/uploads\/2026\/04\/IMG_8489-1152x2048.jpg 1152w, https:\/\/tapir.de\/wp-content\/uploads\/2026\/04\/IMG_8489-1320x2347.jpg 1320w, https:\/\/tapir.de\/wp-content\/uploads\/2026\/04\/IMG_8489-600x1067.jpg 600w, https:\/\/tapir.de\/wp-content\/uploads\/2026\/04\/IMG_8489-scaled.jpg 1440w\" sizes=\"auto, (max-width: 450px) 100vw, 450px\" \/>\t\t\t\t\t\t\n\t\t\t\t\t<\/div>\n\t\t\t\t\t\t\t\t\n<style>\n#image_425098854 {\n  width: 100%;\n}\n<\/style>\n\t<\/div>\n\t\n\n\n\t\t<\/div>\n\t\t\t\t\t<\/div>\n\n\t\n\n\t<div id=\"col-178368989\" class=\"col medium-4 small-12 large-4\"  >\n\t\t\t\t<div class=\"col-inner\"  >\n\t\t\t\n\t\t\t\n\n\t<div class=\"img has-hover x md-x lg-x y md-y lg-y\" id=\"image_420641452\">\n\t\t\t\t\t\t\t\t<div class=\"img-inner dark\" >\n\t\t\t<img loading=\"lazy\" decoding=\"async\" width=\"600\" height=\"800\" src=\"https:\/\/tapir.de\/wp-content\/uploads\/2026\/04\/IMG_8518-600x800.jpeg\" class=\"attachment-large size-large\" alt=\"\" srcset=\"https:\/\/tapir.de\/wp-content\/uploads\/2026\/04\/IMG_8518-600x800.jpeg 600w, https:\/\/tapir.de\/wp-content\/uploads\/2026\/04\/IMG_8518-300x400.jpeg 300w, https:\/\/tapir.de\/wp-content\/uploads\/2026\/04\/IMG_8518-768x1024.jpeg 768w, https:\/\/tapir.de\/wp-content\/uploads\/2026\/04\/IMG_8518-1152x1536.jpeg 1152w, https:\/\/tapir.de\/wp-content\/uploads\/2026\/04\/IMG_8518-1536x2048.jpeg 1536w, https:\/\/tapir.de\/wp-content\/uploads\/2026\/04\/IMG_8518-1320x1760.jpeg 1320w, https:\/\/tapir.de\/wp-content\/uploads\/2026\/04\/IMG_8518-scaled.jpeg 1920w\" sizes=\"auto, (max-width: 600px) 100vw, 600px\" \/>\t\t\t\t\t\t\n\t\t\t\t\t<\/div>\n\t\t\t\t\t\t\t\t\n<style>\n#image_420641452 {\n  width: 100%;\n}\n<\/style>\n\t<\/div>\n\t\n\n\n\t\t<\/div>\n\t\t\t\t\t<\/div>\n\n\t\n\n<\/div>\n\n\t\t<\/div>\n\n\t\t\n<style>\n#section_2136262163 {\n  padding-top: 30px;\n  padding-bottom: 30px;\n}\n<\/style>\n\t<\/section>\n\t\n<h3 style=\"text-align: center;\"><span style=\"color: #800000;\">Ausgiebige Tiefenpflege<\/span><\/h3>\n<p>Sollte das Glattleder des Sattels richtig ausgetrocknet sein, so empfehlen wir im Anschluss die Nutzung vom <a href=\"https:\/\/tapir.de\/shop\/lederfett-farblos-200-ml\/\">Lederfett<\/a>, welches das Leder ausgiebig n\u00e4hrt.<\/p>\n<p><em><strong><span style=\"color: #800000;\">TAPIR-TIPP: <\/span><\/strong><span style=\"color: #800000;\">Fetten Sie den Sattel vor dem ersten Fahren ordentlich mit dem Lederfett ein, einziehen lassen, \u00dcberschuss abnehmen und nachpolieren nicht vergessen. <\/span><\/em><em><span style=\"color: #800000;\">Fahren Sie mit dem frischen Sattel. Da das Fett das Leder etwas weicher macht, f\u00fchrt das anschlie\u00dfende Fahren dazu, dass sich der Fahrradsattel optimal an Ihren pers\u00f6nlichen Sitz anpasst! Das Fahren wird dann um einiges angenehmer.<\/span><\/em><\/p>\n<p>Das Lederfett wird mit einem Baumwolltuch oder einer Tapir Auftragsb\u00fcrste in das Leder einmassiert. \u00dcbersch\u00fcssiges Fett sollte nach einiger Zeit mit einem saugf\u00e4higen Baumwolltuch abgerieben werden. Achtung, bitte nicht zu dick auftragen \u2013 Gef\u00fchl ist gefragt!<\/p>\n<p><em><strong><span style=\"color: #800000;\">TAPIR-TIPP: <\/span><\/strong><span style=\"color: #800000;\">Das Lederfett l\u00e4sst sich handwarm leichter auftragen.<\/span><\/em><\/p>\n<div class=\"row\"  id=\"row-508606167\">\n\n\n\t<div id=\"col-1847593405\" class=\"col small-6 large-12\"  >\n\t\t\t\t<div class=\"col-inner\"  >\n\t\t\t\n\t\t\t\n\n\t<div class=\"img has-hover x md-x lg-x y md-y lg-y\" id=\"image_1480448346\">\n\t\t\t\t\t\t\t\t<div class=\"img-inner dark\" >\n\t\t\t<img loading=\"lazy\" decoding=\"async\" width=\"450\" height=\"800\" src=\"https:\/\/tapir.de\/wp-content\/uploads\/2026\/04\/IMG_8479-450x800.jpg\" class=\"attachment-large size-large\" alt=\"\" srcset=\"https:\/\/tapir.de\/wp-content\/uploads\/2026\/04\/IMG_8479-450x800.jpg 450w, https:\/\/tapir.de\/wp-content\/uploads\/2026\/04\/IMG_8479-225x400.jpg 225w, https:\/\/tapir.de\/wp-content\/uploads\/2026\/04\/IMG_8479-768x1365.jpg 768w, https:\/\/tapir.de\/wp-content\/uploads\/2026\/04\/IMG_8479-864x1536.jpg 864w, https:\/\/tapir.de\/wp-content\/uploads\/2026\/04\/IMG_8479-1152x2048.jpg 1152w, https:\/\/tapir.de\/wp-content\/uploads\/2026\/04\/IMG_8479-1320x2347.jpg 1320w, https:\/\/tapir.de\/wp-content\/uploads\/2026\/04\/IMG_8479-600x1067.jpg 600w, https:\/\/tapir.de\/wp-content\/uploads\/2026\/04\/IMG_8479-scaled.jpg 1440w\" sizes=\"auto, (max-width: 450px) 100vw, 450px\" \/>\t\t\t\t\t\t\n\t\t\t\t\t<\/div>\n\t\t\t\t\t\t\t\t\n<style>\n#image_1480448346 {\n  width: 100%;\n}\n<\/style>\n\t<\/div>\n\t\n\n\n\t\t<\/div>\n\t\t\t\t\t<\/div>\n\n\t\n\n<\/div>\n<div class=\"row\"  id=\"row-69264904\">\n\n\n\t<div id=\"col-549484486\" class=\"col small-12 large-12\"  >\n\t\t\t\t<div class=\"col-inner\"  >\n\t\t\t\n\t\t\t\n\n<div class=\"row\"  id=\"row-383931054\">\n\n\n\t<div id=\"col-377151550\" class=\"col small-12 large-12\"  >\n\t\t\t\t<div class=\"col-inner\"  >\n\t\t\t\n\t\t\t\n\n\t<div id=\"text-4261597879\" class=\"text\">\n\t\t\n\n<h3 style=\"text-align: center;\"><span style=\"color: #800000;\"><strong>Doch lieber nur Erhaltungspflege?<\/strong><\/span><\/h3>\n<p>Wenn das Leder hingegen keine Reinigung ben\u00f6tigt und noch nicht ausgetrocknet ist, sondern einfach nur einen kleinen Schutz ben\u00f6tigt (beispielsweise bei einem komplett neuen Sattel), so empfehlen wir die Nutzung von Tapirs fl\u00fcssiger <a href=\"https:\/\/tapir.de\/shop\/lederpflege\/\">Lederpflege<\/a>. Einfach mithilfe eines Baumwolltuchs auftragen und einmassieren. Den \u00dcberschuss anschlie\u00dfend mit einer Glanzb\u00fcrste polieren.<\/p>\n<p><strong>Die Lederpflege sch\u00fctzt den Sattel vor Feuchtigkeit, zum Beispiel wenn das Fahrrad mal im Regen steht. Au\u00dferdem man kann hierdurch die Bildung von Wasserflecken verhindern.<\/strong><\/p>\n<header><\/header>\n\t\t\n<style>\n#text-4261597879 {\n  text-align: center;\n}\n<\/style>\n\t<\/div>\n\t\n\t\n  \n    <div class=\"row large-columns-4 medium-columns-3 small-columns-2 row-small has-shadow row-box-shadow-2 slider row-slider slider-nav-reveal slider-nav-push\"  data-flickity-options='{&quot;imagesLoaded&quot;: true, &quot;groupCells&quot;: &quot;100%&quot;, &quot;dragThreshold&quot; : 5, &quot;cellAlign&quot;: &quot;left&quot;,&quot;wrapAround&quot;: true,&quot;prevNextButtons&quot;: true,&quot;percentPosition&quot;: true,&quot;pageDots&quot;: false, &quot;rightToLeft&quot;: false, &quot;autoPlay&quot; : false}' >\n\n  \n\t     <div class=\"product-small col has-hover product type-product post-21208 status-publish first instock product_cat-savon-pour-cuir-et-selles product_tag-cuir-lisse product_tag-nettoyage has-post-thumbnail taxable shipping-taxable purchasable product-type-simple\">\n\t<div class=\"col-inner\">\n\t\n<div class=\"badge-container absolute left top z-1\">\n\n<\/div>\n\t<div class=\"product-small box \">\n\t\t<div class=\"box-image\">\n\t\t\t<div class=\"image-none\">\n\t\t\t\t<a href=\"https:\/\/tapir.de\/fr\/shop\/cuir-et-savon-pour-selle\/\">\n\t\t\t\t\t<img loading=\"lazy\" decoding=\"async\" width=\"350\" height=\"350\" src=\"https:\/\/tapir.de\/wp-content\/uploads\/2020\/05\/90200-Tapir-Leder-Sattelseife1-350x350.jpg\" class=\"attachment-woocommerce_thumbnail size-woocommerce_thumbnail\" alt=\"Cuir et savon pour selle\" srcset=\"https:\/\/tapir.de\/wp-content\/uploads\/2020\/05\/90200-Tapir-Leder-Sattelseife1-350x350.jpg 350w, https:\/\/tapir.de\/wp-content\/uploads\/2020\/05\/90200-Tapir-Leder-Sattelseife1-400x400.jpg 400w, https:\/\/tapir.de\/wp-content\/uploads\/2020\/05\/90200-Tapir-Leder-Sattelseife1-800x800.jpg 800w, https:\/\/tapir.de\/wp-content\/uploads\/2020\/05\/90200-Tapir-Leder-Sattelseife1-280x280.jpg 280w, https:\/\/tapir.de\/wp-content\/uploads\/2020\/05\/90200-Tapir-Leder-Sattelseife1-768x768.jpg 768w, https:\/\/tapir.de\/wp-content\/uploads\/2020\/05\/90200-Tapir-Leder-Sattelseife1-600x600.jpg 600w, https:\/\/tapir.de\/wp-content\/uploads\/2020\/05\/90200-Tapir-Leder-Sattelseife1-100x100.jpg 100w, https:\/\/tapir.de\/wp-content\/uploads\/2020\/05\/90200-Tapir-Leder-Sattelseife1.jpg 1000w\" sizes=\"auto, (max-width: 350px) 100vw, 350px\" \/>\t\t\t\t<\/a>\n\t\t\t<\/div>\n\t\t\t<div class=\"image-tools is-small top right show-on-hover\">\n\t\t\t\t\t\t\t<\/div>\n\t\t\t<div class=\"image-tools is-small hide-for-small bottom left show-on-hover\">\n\t\t\t\t\t\t\t<\/div>\n\t\t\t<div class=\"image-tools grid-tools text-center hide-for-small bottom hover-slide-in show-on-hover\">\n\t\t\t\t\t\t\t<\/div>\n\t\t\t\t\t<\/div>\n\n\t\t<div class=\"box-text box-text-products text-center grid-style-2\">\n\t\t\t<div class=\"title-wrapper\"><p class=\"name product-title woocommerce-loop-product__title\"><a href=\"https:\/\/tapir.de\/fr\/shop\/cuir-et-savon-pour-selle\/\" class=\"woocommerce-LoopProduct-link woocommerce-loop-product__link\">Cuir et savon pour selle<\/a><\/p><\/div><div class=\"price-wrapper\"><\/a><p class=\"price\"><small><\/small><span class=\"woocommerce-Price-amount amount\"><bdi>17,50&nbsp;<span class=\"woocommerce-Price-currencySymbol\">&euro;<\/span><\/bdi><\/span><\/p>\n\t\t<div class=\"wgm-info woocommerce-de_price_taxrate \"><\/div>\n\t\t<span class=\"wgm-info price-per-unit price-per-unit-loop ppu-variation-wrap\">(<span class=\"woocommerce-Price-amount amount\"><bdi>8,75&nbsp;<span class=\"woocommerce-Price-currencySymbol\">&euro;<\/span><\/bdi><\/span> \/ 100 ml)<\/span><div class=\"wgm-info woocommerce_de_versandkosten\">En plus <a>du transport<\/a> maritime<\/div><\/div><div class=\"add-to-cart-button\"><a href=\"\/fr\/wp-json\/wp\/v2\/posts\/23367?add-to-cart=21208\" aria-describedby=\"woocommerce_loop_add_to_cart_link_describedby_21208\" data-quantity=\"1\" class=\"primary is-small mb-0 button product_type_simple add_to_cart_button ajax_add_to_cart is-outline\" data-product_id=\"21208\" data-product_sku=\"90200\" aria-label=\"Ajouter au panier\u00a0: &ldquo;Cuir et savon pour selle&rdquo;\" rel=\"nofollow\" data-success_message=\"\u00ab\u00a0Cuir et savon pour selle\u00a0\u00bb a \u00e9t\u00e9 ajout\u00e9 \u00e0 votre panier\" role=\"button\">Ajouter au panier<\/a><\/div>\t<span id=\"woocommerce_loop_add_to_cart_link_describedby_21208\" class=\"screen-reader-text\">\n\t\t\t<\/span>\n\t\t<\/div>\n\t<\/div>\n\t<span class=\"gtm4wp_productdata\" style=\"display:none; visibility:hidden;\" data-gtm4wp_product_data=\"{&quot;internal_id&quot;:21208,&quot;item_id&quot;:21208,&quot;item_name&quot;:&quot;Cuir et savon pour selle&quot;,&quot;sku&quot;:&quot;90200&quot;,&quot;price&quot;:17.5,&quot;stocklevel&quot;:null,&quot;stockstatus&quot;:&quot;instock&quot;,&quot;google_business_vertical&quot;:&quot;retail&quot;,&quot;item_category&quot;:&quot;Savon pour cuir et selles&quot;,&quot;id&quot;:21208,&quot;productlink&quot;:&quot;https:\\\/\\\/tapir.de\\\/fr\\\/shop\\\/cuir-et-savon-pour-selle\\\/&quot;,&quot;item_list_name&quot;:&quot;Liste g\\u00e9n\\u00e9rale des produits&quot;,&quot;index&quot;:13,&quot;product_type&quot;:&quot;simple&quot;,&quot;item_brand&quot;:&quot;&quot;}\"><\/span>\t<\/div>\n<\/div><div class=\"product-small col has-hover product type-product post-21239 status-publish instock product_cat-creme-pour-le-soin-du-cuir product_tag-chaussure-denfant product_tag-chaussure-pour-femmes product_tag-chaussure-pour-hommes product_tag-cuir-lisse product_tag-gloss product_tag-soins has-post-thumbnail taxable shipping-taxable purchasable product-type-simple\">\n\t<div class=\"col-inner\">\n\t\n<div class=\"badge-container absolute left top z-1\">\n\n<\/div>\n\t<div class=\"product-small box \">\n\t\t<div class=\"box-image\">\n\t\t\t<div class=\"image-none\">\n\t\t\t\t<a href=\"https:\/\/tapir.de\/fr\/shop\/creme-pour-le-cuir-incolore\/\">\n\t\t\t\t\t<img loading=\"lazy\" decoding=\"async\" width=\"350\" height=\"350\" src=\"https:\/\/tapir.de\/wp-content\/uploads\/2020\/03\/80075-Lederpflegecreme-350x350.jpg\" class=\"attachment-woocommerce_thumbnail size-woocommerce_thumbnail\" alt=\"Cr\u00e8me pour le cuir incolore\" srcset=\"https:\/\/tapir.de\/wp-content\/uploads\/2020\/03\/80075-Lederpflegecreme-350x350.jpg 350w, https:\/\/tapir.de\/wp-content\/uploads\/2020\/03\/80075-Lederpflegecreme-400x400.jpg 400w, https:\/\/tapir.de\/wp-content\/uploads\/2020\/03\/80075-Lederpflegecreme-800x800.jpg 800w, https:\/\/tapir.de\/wp-content\/uploads\/2020\/03\/80075-Lederpflegecreme-280x280.jpg 280w, https:\/\/tapir.de\/wp-content\/uploads\/2020\/03\/80075-Lederpflegecreme-768x768.jpg 768w, https:\/\/tapir.de\/wp-content\/uploads\/2020\/03\/80075-Lederpflegecreme-1536x1536.jpg 1536w, https:\/\/tapir.de\/wp-content\/uploads\/2020\/03\/80075-Lederpflegecreme-2048x2048.jpg 2048w, https:\/\/tapir.de\/wp-content\/uploads\/2020\/03\/80075-Lederpflegecreme-1320x1320.jpg 1320w, https:\/\/tapir.de\/wp-content\/uploads\/2020\/03\/80075-Lederpflegecreme-600x600.jpg 600w, https:\/\/tapir.de\/wp-content\/uploads\/2020\/03\/80075-Lederpflegecreme-100x100.jpg 100w\" sizes=\"auto, (max-width: 350px) 100vw, 350px\" \/>\t\t\t\t<\/a>\n\t\t\t<\/div>\n\t\t\t<div class=\"image-tools is-small top right show-on-hover\">\n\t\t\t\t\t\t\t<\/div>\n\t\t\t<div class=\"image-tools is-small hide-for-small bottom left show-on-hover\">\n\t\t\t\t\t\t\t<\/div>\n\t\t\t<div class=\"image-tools grid-tools text-center hide-for-small bottom hover-slide-in show-on-hover\">\n\t\t\t\t\t\t\t<\/div>\n\t\t\t\t\t<\/div>\n\n\t\t<div class=\"box-text box-text-products text-center grid-style-2\">\n\t\t\t<div class=\"title-wrapper\"><p class=\"name product-title woocommerce-loop-product__title\"><a href=\"https:\/\/tapir.de\/fr\/shop\/creme-pour-le-cuir-incolore\/\" class=\"woocommerce-LoopProduct-link woocommerce-loop-product__link\">Cr\u00e8me pour le cuir incolore<\/a><\/p><\/div><div class=\"price-wrapper\"><\/a><p class=\"price\"><small><\/small><span class=\"woocommerce-Price-amount amount\"><bdi>9,90&nbsp;<span class=\"woocommerce-Price-currencySymbol\">&euro;<\/span><\/bdi><\/span><\/p>\n\t\t<div class=\"wgm-info woocommerce-de_price_taxrate \"><\/div>\n\t\t<span class=\"wgm-info price-per-unit price-per-unit-loop ppu-variation-wrap\">(<span class=\"woocommerce-Price-amount amount\"><bdi>13,20&nbsp;<span class=\"woocommerce-Price-currencySymbol\">&euro;<\/span><\/bdi><\/span> \/ 100 cm)<\/span><div class=\"wgm-info woocommerce_de_versandkosten\">En plus <a>du transport<\/a> maritime<\/div><\/div><div class=\"add-to-cart-button\"><a href=\"\/fr\/wp-json\/wp\/v2\/posts\/23367?add-to-cart=21239\" aria-describedby=\"woocommerce_loop_add_to_cart_link_describedby_21239\" data-quantity=\"1\" class=\"primary is-small mb-0 button product_type_simple add_to_cart_button ajax_add_to_cart is-outline\" data-product_id=\"21239\" data-product_sku=\"80075\" aria-label=\"Ajouter au panier\u00a0: &ldquo;Cr\u00e8me pour le cuir incolore&rdquo;\" rel=\"nofollow\" data-success_message=\"\u00ab\u00a0Cr\u00e8me pour le cuir incolore\u00a0\u00bb a \u00e9t\u00e9 ajout\u00e9 \u00e0 votre panier\" role=\"button\">Ajouter au panier<\/a><\/div>\t<span id=\"woocommerce_loop_add_to_cart_link_describedby_21239\" class=\"screen-reader-text\">\n\t\t\t<\/span>\n\t\t<\/div>\n\t<\/div>\n\t<span class=\"gtm4wp_productdata\" style=\"display:none; visibility:hidden;\" data-gtm4wp_product_data=\"{&quot;internal_id&quot;:21239,&quot;item_id&quot;:21239,&quot;item_name&quot;:&quot;Cr\\u00e8me pour le cuir incolore&quot;,&quot;sku&quot;:&quot;80075&quot;,&quot;price&quot;:9.9000000000000003552713678800500929355621337890625,&quot;stocklevel&quot;:null,&quot;stockstatus&quot;:&quot;instock&quot;,&quot;google_business_vertical&quot;:&quot;retail&quot;,&quot;item_category&quot;:&quot;Cr\\u00e8me pour le soin du cuir&quot;,&quot;id&quot;:21239,&quot;productlink&quot;:&quot;https:\\\/\\\/tapir.de\\\/fr\\\/shop\\\/creme-pour-le-cuir-incolore\\\/&quot;,&quot;item_list_name&quot;:&quot;Liste g\\u00e9n\\u00e9rale des produits&quot;,&quot;index&quot;:14,&quot;product_type&quot;:&quot;simple&quot;,&quot;item_brand&quot;:&quot;&quot;}\"><\/span>\t<\/div>\n<\/div><div class=\"product-small col has-hover product type-product post-21177 status-publish last instock product_cat-soins-du-cuir-pour-cuir-de-qualite product_tag-soins has-post-thumbnail taxable shipping-taxable purchasable product-type-simple\">\n\t<div class=\"col-inner\">\n\t\n<div class=\"badge-container absolute left top z-1\">\n\n<\/div>\n\t<div class=\"product-small box \">\n\t\t<div class=\"box-image\">\n\t\t\t<div class=\"image-none\">\n\t\t\t\t<a href=\"https:\/\/tapir.de\/fr\/shop\/soins-du-cuir\/\">\n\t\t\t\t\t<img loading=\"lazy\" decoding=\"async\" width=\"350\" height=\"350\" src=\"https:\/\/tapir.de\/wp-content\/uploads\/2020\/05\/50100-Lederpflege-Tapir-350x350.jpg\" class=\"attachment-woocommerce_thumbnail size-woocommerce_thumbnail\" alt=\"Soins du cuir\" srcset=\"https:\/\/tapir.de\/wp-content\/uploads\/2020\/05\/50100-Lederpflege-Tapir-350x350.jpg 350w, https:\/\/tapir.de\/wp-content\/uploads\/2020\/05\/50100-Lederpflege-Tapir-400x400.jpg 400w, https:\/\/tapir.de\/wp-content\/uploads\/2020\/05\/50100-Lederpflege-Tapir-800x800.jpg 800w, https:\/\/tapir.de\/wp-content\/uploads\/2020\/05\/50100-Lederpflege-Tapir-280x280.jpg 280w, https:\/\/tapir.de\/wp-content\/uploads\/2020\/05\/50100-Lederpflege-Tapir-768x768.jpg 768w, https:\/\/tapir.de\/wp-content\/uploads\/2020\/05\/50100-Lederpflege-Tapir-1320x1320.jpg 1320w, https:\/\/tapir.de\/wp-content\/uploads\/2020\/05\/50100-Lederpflege-Tapir-600x600.jpg 600w, https:\/\/tapir.de\/wp-content\/uploads\/2020\/05\/50100-Lederpflege-Tapir-100x100.jpg 100w, https:\/\/tapir.de\/wp-content\/uploads\/2020\/05\/50100-Lederpflege-Tapir.jpg 1500w\" sizes=\"auto, (max-width: 350px) 100vw, 350px\" \/>\t\t\t\t<\/a>\n\t\t\t<\/div>\n\t\t\t<div class=\"image-tools is-small top right show-on-hover\">\n\t\t\t\t\t\t\t<\/div>\n\t\t\t<div class=\"image-tools is-small hide-for-small bottom left show-on-hover\">\n\t\t\t\t\t\t\t<\/div>\n\t\t\t<div class=\"image-tools grid-tools text-center hide-for-small bottom hover-slide-in show-on-hover\">\n\t\t\t\t\t\t\t<\/div>\n\t\t\t\t\t<\/div>\n\n\t\t<div class=\"box-text box-text-products text-center grid-style-2\">\n\t\t\t<div class=\"title-wrapper\"><p class=\"name product-title woocommerce-loop-product__title\"><a href=\"https:\/\/tapir.de\/fr\/shop\/soins-du-cuir\/\" class=\"woocommerce-LoopProduct-link woocommerce-loop-product__link\">Soins du cuir<\/a><\/p><\/div><div class=\"price-wrapper\"><\/a><p class=\"price\"><small><\/small><span class=\"woocommerce-Price-amount amount\"><bdi>10,50&nbsp;<span class=\"woocommerce-Price-currencySymbol\">&euro;<\/span><\/bdi><\/span><\/p>\n\t\t<div class=\"wgm-info woocommerce-de_price_taxrate \"><\/div>\n\t\t<span class=\"wgm-info price-per-unit price-per-unit-loop ppu-variation-wrap\">(<span class=\"woocommerce-Price-amount amount\"><bdi>10,50&nbsp;<span class=\"woocommerce-Price-currencySymbol\">&euro;<\/span><\/bdi><\/span> \/ 100 ml)<\/span><div class=\"wgm-info woocommerce_de_versandkosten\">En plus <a>du transport<\/a> maritime<\/div><\/div><div class=\"add-to-cart-button\"><a href=\"\/fr\/wp-json\/wp\/v2\/posts\/23367?add-to-cart=21177\" aria-describedby=\"woocommerce_loop_add_to_cart_link_describedby_21177\" data-quantity=\"1\" class=\"primary is-small mb-0 button product_type_simple add_to_cart_button ajax_add_to_cart is-outline\" data-product_id=\"21177\" data-product_sku=\"50100\" aria-label=\"Ajouter au panier\u00a0: &ldquo;Soins du cuir&rdquo;\" rel=\"nofollow\" data-success_message=\"\u00ab\u00a0Soins du cuir\u00a0\u00bb a \u00e9t\u00e9 ajout\u00e9 \u00e0 votre panier\" role=\"button\">Ajouter au panier<\/a><\/div>\t<span id=\"woocommerce_loop_add_to_cart_link_describedby_21177\" class=\"screen-reader-text\">\n\t\t\t<\/span>\n\t\t<\/div>\n\t<\/div>\n\t<span class=\"gtm4wp_productdata\" style=\"display:none; visibility:hidden;\" data-gtm4wp_product_data=\"{&quot;internal_id&quot;:21177,&quot;item_id&quot;:21177,&quot;item_name&quot;:&quot;Soins du cuir&quot;,&quot;sku&quot;:&quot;50100&quot;,&quot;price&quot;:10.5,&quot;stocklevel&quot;:null,&quot;stockstatus&quot;:&quot;instock&quot;,&quot;google_business_vertical&quot;:&quot;retail&quot;,&quot;item_category&quot;:&quot;Soins du cuir pour cuir de qualit\\u00e9&quot;,&quot;id&quot;:21177,&quot;productlink&quot;:&quot;https:\\\/\\\/tapir.de\\\/fr\\\/shop\\\/soins-du-cuir\\\/&quot;,&quot;item_list_name&quot;:&quot;Liste g\\u00e9n\\u00e9rale des produits&quot;,&quot;index&quot;:15,&quot;product_type&quot;:&quot;simple&quot;,&quot;item_brand&quot;:&quot;&quot;}\"><\/span>\t<\/div>\n<\/div><div class=\"product-small col has-hover product type-product post-20765 status-publish first instock product_cat-brosses product_tag-accessoires has-post-thumbnail taxable shipping-taxable purchasable product-type-simple\">\n\t<div class=\"col-inner\">\n\t\n<div class=\"badge-container absolute left top z-1\">\n\n<\/div>\n\t<div class=\"product-small box \">\n\t\t<div class=\"box-image\">\n\t\t\t<div class=\"image-none\">\n\t\t\t\t<a href=\"https:\/\/tapir.de\/fr\/shop\/brosse-brillante-avec-crin-de-cheval-brun-a-fentes\/\">\n\t\t\t\t\t<img loading=\"lazy\" decoding=\"async\" width=\"350\" height=\"350\" src=\"https:\/\/tapir.de\/wp-content\/uploads\/2025\/01\/00904T_Glanzbuerste_mit_braunem_geschlitztem_Rosshaar_1-350x350.jpg\" class=\"attachment-woocommerce_thumbnail size-woocommerce_thumbnail\" alt=\"Brosse brillante avec crin de cheval brun \u00e0 fentes\" srcset=\"https:\/\/tapir.de\/wp-content\/uploads\/2025\/01\/00904T_Glanzbuerste_mit_braunem_geschlitztem_Rosshaar_1-350x350.jpg 350w, https:\/\/tapir.de\/wp-content\/uploads\/2025\/01\/00904T_Glanzbuerste_mit_braunem_geschlitztem_Rosshaar_1-400x400.jpg 400w, https:\/\/tapir.de\/wp-content\/uploads\/2025\/01\/00904T_Glanzbuerste_mit_braunem_geschlitztem_Rosshaar_1-800x800.jpg 800w, https:\/\/tapir.de\/wp-content\/uploads\/2025\/01\/00904T_Glanzbuerste_mit_braunem_geschlitztem_Rosshaar_1-280x280.jpg 280w, https:\/\/tapir.de\/wp-content\/uploads\/2025\/01\/00904T_Glanzbuerste_mit_braunem_geschlitztem_Rosshaar_1-768x768.jpg 768w, https:\/\/tapir.de\/wp-content\/uploads\/2025\/01\/00904T_Glanzbuerste_mit_braunem_geschlitztem_Rosshaar_1-1320x1320.jpg 1320w, https:\/\/tapir.de\/wp-content\/uploads\/2025\/01\/00904T_Glanzbuerste_mit_braunem_geschlitztem_Rosshaar_1-600x600.jpg 600w, https:\/\/tapir.de\/wp-content\/uploads\/2025\/01\/00904T_Glanzbuerste_mit_braunem_geschlitztem_Rosshaar_1-100x100.jpg 100w, https:\/\/tapir.de\/wp-content\/uploads\/2025\/01\/00904T_Glanzbuerste_mit_braunem_geschlitztem_Rosshaar_1.jpg 1500w\" sizes=\"auto, (max-width: 350px) 100vw, 350px\" \/>\t\t\t\t<\/a>\n\t\t\t<\/div>\n\t\t\t<div class=\"image-tools is-small top right show-on-hover\">\n\t\t\t\t\t\t\t<\/div>\n\t\t\t<div class=\"image-tools is-small hide-for-small bottom left show-on-hover\">\n\t\t\t\t\t\t\t<\/div>\n\t\t\t<div class=\"image-tools grid-tools text-center hide-for-small bottom hover-slide-in show-on-hover\">\n\t\t\t\t\t\t\t<\/div>\n\t\t\t\t\t<\/div>\n\n\t\t<div class=\"box-text box-text-products text-center grid-style-2\">\n\t\t\t<div class=\"title-wrapper\"><p class=\"name product-title woocommerce-loop-product__title\"><a href=\"https:\/\/tapir.de\/fr\/shop\/brosse-brillante-avec-crin-de-cheval-brun-a-fentes\/\" class=\"woocommerce-LoopProduct-link woocommerce-loop-product__link\">Brosse brillante avec crin de cheval brun \u00e0 fentes<\/a><\/p><\/div><div class=\"price-wrapper\"><\/a><p class=\"price\"><small><\/small><span class=\"woocommerce-Price-amount amount\"><bdi>20,90&nbsp;<span class=\"woocommerce-Price-currencySymbol\">&euro;<\/span><\/bdi><\/span><\/p>\n\t\t<div class=\"wgm-info woocommerce-de_price_taxrate \"><\/div>\n\t\t<div class=\"wgm-info woocommerce_de_versandkosten\">En plus <a>du transport<\/a> maritime<\/div><\/div><div class=\"add-to-cart-button\"><a href=\"\/fr\/wp-json\/wp\/v2\/posts\/23367?add-to-cart=20765\" aria-describedby=\"woocommerce_loop_add_to_cart_link_describedby_20765\" data-quantity=\"1\" class=\"primary is-small mb-0 button product_type_simple add_to_cart_button ajax_add_to_cart is-outline\" data-product_id=\"20765\" data-product_sku=\"00904T\" aria-label=\"Ajouter au panier\u00a0: &ldquo;Brosse brillante avec crin de cheval brun \u00e0 fentes&rdquo;\" rel=\"nofollow\" data-success_message=\"\u00ab\u00a0Brosse brillante avec crin de cheval brun \u00e0 fentes\u00a0\u00bb a \u00e9t\u00e9 ajout\u00e9 \u00e0 votre panier\" role=\"button\">Ajouter au panier<\/a><\/div>\t<span id=\"woocommerce_loop_add_to_cart_link_describedby_20765\" class=\"screen-reader-text\">\n\t\t\t<\/span>\n\t\t<\/div>\n\t<\/div>\n\t<span class=\"gtm4wp_productdata\" style=\"display:none; visibility:hidden;\" data-gtm4wp_product_data=\"{&quot;internal_id&quot;:20765,&quot;item_id&quot;:20765,&quot;item_name&quot;:&quot;Brosse brillante avec crin de cheval brun \\u00e0 fentes&quot;,&quot;sku&quot;:&quot;00904T&quot;,&quot;price&quot;:20.89999999999999857891452847979962825775146484375,&quot;stocklevel&quot;:null,&quot;stockstatus&quot;:&quot;instock&quot;,&quot;google_business_vertical&quot;:&quot;retail&quot;,&quot;item_category&quot;:&quot;Brosses&quot;,&quot;id&quot;:20765,&quot;productlink&quot;:&quot;https:\\\/\\\/tapir.de\\\/fr\\\/shop\\\/brosse-brillante-avec-crin-de-cheval-brun-a-fentes\\\/&quot;,&quot;item_list_name&quot;:&quot;Liste g\\u00e9n\\u00e9rale des produits&quot;,&quot;index&quot;:16,&quot;product_type&quot;:&quot;simple&quot;,&quot;item_brand&quot;:&quot;&quot;}\"><\/span>\t<\/div>\n<\/div><div class=\"product-small col has-hover product type-product post-20947 status-publish instock product_cat-brosses product_tag-accessoires has-post-thumbnail taxable shipping-taxable purchasable product-type-simple\">\n\t<div class=\"col-inner\">\n\t\n<div class=\"badge-container absolute left top z-1\">\n\n<\/div>\n\t<div class=\"product-small box \">\n\t\t<div class=\"box-image\">\n\t\t\t<div class=\"image-none\">\n\t\t\t\t<a href=\"https:\/\/tapir.de\/fr\/shop\/brosse-dapplication-ronde-en-crin-de-cheval-fonce\/\">\n\t\t\t\t\t<img loading=\"lazy\" decoding=\"async\" width=\"350\" height=\"350\" src=\"https:\/\/tapir.de\/wp-content\/uploads\/2025\/01\/00906_Runde_Auftragsbuerste_aus_dunklem_Rosshaar_1-350x350.jpg\" class=\"attachment-woocommerce_thumbnail size-woocommerce_thumbnail\" alt=\"Brosse d\u2019application ronde en crin de cheval fonc\u00e9\" srcset=\"https:\/\/tapir.de\/wp-content\/uploads\/2025\/01\/00906_Runde_Auftragsbuerste_aus_dunklem_Rosshaar_1-350x350.jpg 350w, https:\/\/tapir.de\/wp-content\/uploads\/2025\/01\/00906_Runde_Auftragsbuerste_aus_dunklem_Rosshaar_1-400x400.jpg 400w, https:\/\/tapir.de\/wp-content\/uploads\/2025\/01\/00906_Runde_Auftragsbuerste_aus_dunklem_Rosshaar_1-800x800.jpg 800w, https:\/\/tapir.de\/wp-content\/uploads\/2025\/01\/00906_Runde_Auftragsbuerste_aus_dunklem_Rosshaar_1-280x280.jpg 280w, https:\/\/tapir.de\/wp-content\/uploads\/2025\/01\/00906_Runde_Auftragsbuerste_aus_dunklem_Rosshaar_1-768x768.jpg 768w, https:\/\/tapir.de\/wp-content\/uploads\/2025\/01\/00906_Runde_Auftragsbuerste_aus_dunklem_Rosshaar_1-1320x1320.jpg 1320w, https:\/\/tapir.de\/wp-content\/uploads\/2025\/01\/00906_Runde_Auftragsbuerste_aus_dunklem_Rosshaar_1-600x600.jpg 600w, https:\/\/tapir.de\/wp-content\/uploads\/2025\/01\/00906_Runde_Auftragsbuerste_aus_dunklem_Rosshaar_1-100x100.jpg 100w, https:\/\/tapir.de\/wp-content\/uploads\/2025\/01\/00906_Runde_Auftragsbuerste_aus_dunklem_Rosshaar_1.jpg 1500w\" sizes=\"auto, (max-width: 350px) 100vw, 350px\" \/>\t\t\t\t<\/a>\n\t\t\t<\/div>\n\t\t\t<div class=\"image-tools is-small top right show-on-hover\">\n\t\t\t\t\t\t\t<\/div>\n\t\t\t<div class=\"image-tools is-small hide-for-small bottom left show-on-hover\">\n\t\t\t\t\t\t\t<\/div>\n\t\t\t<div class=\"image-tools grid-tools text-center hide-for-small bottom hover-slide-in show-on-hover\">\n\t\t\t\t\t\t\t<\/div>\n\t\t\t\t\t<\/div>\n\n\t\t<div class=\"box-text box-text-products text-center grid-style-2\">\n\t\t\t<div class=\"title-wrapper\"><p class=\"name product-title woocommerce-loop-product__title\"><a href=\"https:\/\/tapir.de\/fr\/shop\/brosse-dapplication-ronde-en-crin-de-cheval-fonce\/\" class=\"woocommerce-LoopProduct-link woocommerce-loop-product__link\">Brosse d\u2019application ronde en crin de cheval fonc\u00e9<\/a><\/p><\/div><div class=\"price-wrapper\"><\/a><p class=\"price\"><small><\/small><span class=\"woocommerce-Price-amount amount\"><bdi>4,50&nbsp;<span class=\"woocommerce-Price-currencySymbol\">&euro;<\/span><\/bdi><\/span><\/p>\n\t\t<div class=\"wgm-info woocommerce-de_price_taxrate \"><\/div>\n\t\t<div class=\"wgm-info woocommerce_de_versandkosten\">En plus <a>du transport<\/a> maritime<\/div><\/div><div class=\"add-to-cart-button\"><a href=\"\/fr\/wp-json\/wp\/v2\/posts\/23367?add-to-cart=20947\" aria-describedby=\"woocommerce_loop_add_to_cart_link_describedby_20947\" data-quantity=\"1\" class=\"primary is-small mb-0 button product_type_simple add_to_cart_button ajax_add_to_cart is-outline\" data-product_id=\"20947\" data-product_sku=\"00906\" aria-label=\"Ajouter au panier\u00a0: &ldquo;Brosse d\u2019application ronde en crin de cheval fonc\u00e9&rdquo;\" rel=\"nofollow\" data-success_message=\"\u00ab\u00a0Brosse d\u2019application ronde en crin de cheval fonc\u00e9\u00a0\u00bb a \u00e9t\u00e9 ajout\u00e9 \u00e0 votre panier\" role=\"button\">Ajouter au panier<\/a><\/div>\t<span id=\"woocommerce_loop_add_to_cart_link_describedby_20947\" class=\"screen-reader-text\">\n\t\t\t<\/span>\n\t\t<\/div>\n\t<\/div>\n\t<span class=\"gtm4wp_productdata\" style=\"display:none; visibility:hidden;\" data-gtm4wp_product_data=\"{&quot;internal_id&quot;:20947,&quot;item_id&quot;:20947,&quot;item_name&quot;:&quot;Brosse d\\u2019application ronde en crin de cheval fonc\\u00e9&quot;,&quot;sku&quot;:&quot;00906&quot;,&quot;price&quot;:4.5,&quot;stocklevel&quot;:null,&quot;stockstatus&quot;:&quot;instock&quot;,&quot;google_business_vertical&quot;:&quot;retail&quot;,&quot;item_category&quot;:&quot;Brosses&quot;,&quot;id&quot;:20947,&quot;productlink&quot;:&quot;https:\\\/\\\/tapir.de\\\/fr\\\/shop\\\/brosse-dapplication-ronde-en-crin-de-cheval-fonce\\\/&quot;,&quot;item_list_name&quot;:&quot;Liste g\\u00e9n\\u00e9rale des produits&quot;,&quot;index&quot;:17,&quot;product_type&quot;:&quot;simple&quot;,&quot;item_brand&quot;:&quot;&quot;}\"><\/span>\t<\/div>\n<\/div><div class=\"product-small col has-hover product type-product post-20872 status-publish last instock product_cat-accessoires product_tag-accessoires product_tag-canape-en-cuir product_tag-cuir-en-daim product_tag-cuir-lisse has-post-thumbnail taxable shipping-taxable purchasable product-type-simple\">\n\t<div class=\"col-inner\">\n\t\n<div class=\"badge-container absolute left top z-1\">\n\n<\/div>\n\t<div class=\"product-small box \">\n\t\t<div class=\"box-image\">\n\t\t\t<div class=\"image-none\">\n\t\t\t\t<a href=\"https:\/\/tapir.de\/fr\/shop\/eponge-gonflante-en-cellulose-naturelle\/\">\n\t\t\t\t\t<img loading=\"lazy\" decoding=\"async\" width=\"350\" height=\"350\" src=\"https:\/\/tapir.de\/wp-content\/uploads\/2020\/07\/Tapir_Quellschwamm-scaled-350x350.jpeg\" class=\"attachment-woocommerce_thumbnail size-woocommerce_thumbnail\" alt=\"\u00c9ponge gonflante en cellulose naturelle\" srcset=\"https:\/\/tapir.de\/wp-content\/uploads\/2020\/07\/Tapir_Quellschwamm-scaled-350x350.jpeg 350w, https:\/\/tapir.de\/wp-content\/uploads\/2020\/07\/Tapir_Quellschwamm-scaled-100x100.jpeg 100w, https:\/\/tapir.de\/wp-content\/uploads\/2020\/07\/Tapir_Quellschwamm-280x280.jpeg 280w\" sizes=\"auto, (max-width: 350px) 100vw, 350px\" \/>\t\t\t\t<\/a>\n\t\t\t<\/div>\n\t\t\t<div class=\"image-tools is-small top right show-on-hover\">\n\t\t\t\t\t\t\t<\/div>\n\t\t\t<div class=\"image-tools is-small hide-for-small bottom left show-on-hover\">\n\t\t\t\t\t\t\t<\/div>\n\t\t\t<div class=\"image-tools grid-tools text-center hide-for-small bottom hover-slide-in show-on-hover\">\n\t\t\t\t\t\t\t<\/div>\n\t\t\t\t\t<\/div>\n\n\t\t<div class=\"box-text box-text-products text-center grid-style-2\">\n\t\t\t<div class=\"title-wrapper\"><p class=\"name product-title woocommerce-loop-product__title\"><a href=\"https:\/\/tapir.de\/fr\/shop\/eponge-gonflante-en-cellulose-naturelle\/\" class=\"woocommerce-LoopProduct-link woocommerce-loop-product__link\">\u00c9ponge gonflante en cellulose naturelle<\/a><\/p><\/div><div class=\"price-wrapper\"><\/a><p class=\"price\"><small><\/small><span class=\"woocommerce-Price-amount amount\"><bdi>3,90&nbsp;<span class=\"woocommerce-Price-currencySymbol\">&euro;<\/span><\/bdi><\/span><\/p>\n\t\t<div class=\"wgm-info woocommerce-de_price_taxrate \"><\/div>\n\t\t<div class=\"wgm-info woocommerce_de_versandkosten\">En plus <a>du transport<\/a> maritime<\/div><\/div><div class=\"add-to-cart-button\"><a href=\"\/fr\/wp-json\/wp\/v2\/posts\/23367?add-to-cart=20872\" aria-describedby=\"woocommerce_loop_add_to_cart_link_describedby_20872\" data-quantity=\"1\" class=\"primary is-small mb-0 button product_type_simple add_to_cart_button ajax_add_to_cart is-outline\" data-product_id=\"20872\" data-product_sku=\"76020\" aria-label=\"Ajouter au panier\u00a0: &ldquo;\u00c9ponge gonflante en cellulose naturelle&rdquo;\" rel=\"nofollow\" data-success_message=\"\u00ab\u00a0\u00c9ponge gonflante en cellulose naturelle\u00a0\u00bb a \u00e9t\u00e9 ajout\u00e9 \u00e0 votre panier\" role=\"button\">Ajouter au panier<\/a><\/div>\t<span id=\"woocommerce_loop_add_to_cart_link_describedby_20872\" class=\"screen-reader-text\">\n\t\t\t<\/span>\n\t\t<\/div>\n\t<\/div>\n\t<span class=\"gtm4wp_productdata\" style=\"display:none; visibility:hidden;\" data-gtm4wp_product_data=\"{&quot;internal_id&quot;:20872,&quot;item_id&quot;:20872,&quot;item_name&quot;:&quot;\\u00c9ponge gonflante en cellulose naturelle&quot;,&quot;sku&quot;:&quot;76020&quot;,&quot;price&quot;:3.899999999999999911182158029987476766109466552734375,&quot;stocklevel&quot;:null,&quot;stockstatus&quot;:&quot;instock&quot;,&quot;google_business_vertical&quot;:&quot;retail&quot;,&quot;item_category&quot;:&quot;Accessoires&quot;,&quot;id&quot;:20872,&quot;productlink&quot;:&quot;https:\\\/\\\/tapir.de\\\/fr\\\/shop\\\/eponge-gonflante-en-cellulose-naturelle\\\/&quot;,&quot;item_list_name&quot;:&quot;Liste g\\u00e9n\\u00e9rale des produits&quot;,&quot;index&quot;:18,&quot;product_type&quot;:&quot;simple&quot;,&quot;item_brand&quot;:&quot;&quot;}\"><\/span>\t<\/div>\n<\/div><\/div>\n\n<div class=\"row\"  id=\"row-178550470\">\n\n\n\t<div id=\"col-1455226593\" class=\"col small-12 large-12\"  >\n\t\t\t\t<div class=\"col-inner\"  >\n\t\t\t\n\t\t\t\n\n<h3 style=\"text-align: center;\"><span style=\"color: #800000;\">Lieber Schutz und extra Glanz?<\/span><\/h3>\n<p>F\u00fcr einen noch intensiveren Schutz und eine sichtbare gl\u00e4nzende und wasserabweisende Oberfl\u00e4che k\u00f6nnen Sie sich auch stattdessen f\u00fcr Tapirs <a href=\"https:\/\/tapir.de\/shop\/lederpflegecreme-farblos\/\">Lederpflegecreme<\/a> entscheiden. Einfach mit einer Auftragsb\u00fcrste auftragen, einmassieren und abschlie\u00dfend mit der Glanzb\u00fcrste bis zum gew\u00fcnschten Glanz polieren.<\/p>\n<p><strong>In jedem Fall ist der Sattel nach Anwendung eines Tapir-Produkts f\u00fcr <a href=\"https:\/\/tapir.de\/schuh-und-lederpflege\/\">Lederpflege<\/a> nat\u00fcrlich gepflegt und vor Feuchtigkeit gesch\u00fctzt.<\/strong><\/p>\n<p><em><span style=\"color: #800000;\"><strong>TAPIR-TIPP:<\/strong> Egal, f\u00fcr welches Tapir Produkt f\u00fcr Lederpflege Sie sich entscheiden \u2013 Sie sollten stets nach der Reinigung eine geeignete Pflege w\u00e4hlen, die das Leder wasserabweisend macht. Denn fehlt diese Pflege, so w\u00fcrde das Sattelleder bei Regen quellen und sich das Leder mit Wasser f\u00fcllen.<\/span><\/em><\/p>\n<p><span style=\"color: #282828;\"><strong>Viel Spa\u00df auf der n\u00e4chsten Fahrradtour! Mit nat\u00fcrlicher Lederpflege von Tapir. Damit nicht nur Ihr Fahrradsattel, sondern auch unsere Natur eine langlebigere Zukunft hat.<\/strong><\/span><\/p>\n\t<div class=\"img has-hover x md-x lg-x y md-y lg-y\" id=\"image_1922989656\">\n\t\t\t\t\t\t\t\t<div class=\"img-inner dark\" >\n\t\t\t<img loading=\"lazy\" decoding=\"async\" width=\"450\" height=\"800\" src=\"https:\/\/tapir.de\/wp-content\/uploads\/2026\/04\/IMG_8484-450x800.jpg\" class=\"attachment-large size-large\" alt=\"\" srcset=\"https:\/\/tapir.de\/wp-content\/uploads\/2026\/04\/IMG_8484-450x800.jpg 450w, https:\/\/tapir.de\/wp-content\/uploads\/2026\/04\/IMG_8484-225x400.jpg 225w, https:\/\/tapir.de\/wp-content\/uploads\/2026\/04\/IMG_8484-768x1365.jpg 768w, https:\/\/tapir.de\/wp-content\/uploads\/2026\/04\/IMG_8484-864x1536.jpg 864w, https:\/\/tapir.de\/wp-content\/uploads\/2026\/04\/IMG_8484-1152x2048.jpg 1152w, https:\/\/tapir.de\/wp-content\/uploads\/2026\/04\/IMG_8484-1320x2347.jpg 1320w, https:\/\/tapir.de\/wp-content\/uploads\/2026\/04\/IMG_8484-600x1067.jpg 600w, https:\/\/tapir.de\/wp-content\/uploads\/2026\/04\/IMG_8484-scaled.jpg 1440w\" sizes=\"auto, (max-width: 450px) 100vw, 450px\" \/>\t\t\t\t\t\t\n\t\t\t\t\t<\/div>\n\t\t\t\t\t\t\t\t\n<style>\n#image_1922989656 {\n  width: 100%;\n}\n<\/style>\n\t<\/div>\n\t\n\n\t\n  \n    <div class=\"row large-columns-4 medium-columns-3 small-columns-2 row-small has-shadow row-box-shadow-2 slider row-slider slider-nav-reveal slider-nav-push\"  data-flickity-options='{&quot;imagesLoaded&quot;: true, &quot;groupCells&quot;: &quot;100%&quot;, &quot;dragThreshold&quot; : 5, &quot;cellAlign&quot;: &quot;left&quot;,&quot;wrapAround&quot;: true,&quot;prevNextButtons&quot;: true,&quot;percentPosition&quot;: true,&quot;pageDots&quot;: false, &quot;rightToLeft&quot;: false, &quot;autoPlay&quot; : false}' >\n\n  \n\t     <div class=\"product-small col has-hover product type-product post-21208 status-publish first instock product_cat-savon-pour-cuir-et-selles product_tag-cuir-lisse product_tag-nettoyage has-post-thumbnail taxable shipping-taxable purchasable product-type-simple\">\n\t<div class=\"col-inner\">\n\t\n<div class=\"badge-container absolute left top z-1\">\n\n<\/div>\n\t<div class=\"product-small box \">\n\t\t<div class=\"box-image\">\n\t\t\t<div class=\"image-none\">\n\t\t\t\t<a href=\"https:\/\/tapir.de\/fr\/shop\/cuir-et-savon-pour-selle\/\">\n\t\t\t\t\t<img loading=\"lazy\" decoding=\"async\" width=\"350\" height=\"350\" src=\"https:\/\/tapir.de\/wp-content\/uploads\/2020\/05\/90200-Tapir-Leder-Sattelseife1-350x350.jpg\" class=\"attachment-woocommerce_thumbnail size-woocommerce_thumbnail\" alt=\"Cuir et savon pour selle\" srcset=\"https:\/\/tapir.de\/wp-content\/uploads\/2020\/05\/90200-Tapir-Leder-Sattelseife1-350x350.jpg 350w, https:\/\/tapir.de\/wp-content\/uploads\/2020\/05\/90200-Tapir-Leder-Sattelseife1-400x400.jpg 400w, https:\/\/tapir.de\/wp-content\/uploads\/2020\/05\/90200-Tapir-Leder-Sattelseife1-800x800.jpg 800w, https:\/\/tapir.de\/wp-content\/uploads\/2020\/05\/90200-Tapir-Leder-Sattelseife1-280x280.jpg 280w, https:\/\/tapir.de\/wp-content\/uploads\/2020\/05\/90200-Tapir-Leder-Sattelseife1-768x768.jpg 768w, https:\/\/tapir.de\/wp-content\/uploads\/2020\/05\/90200-Tapir-Leder-Sattelseife1-600x600.jpg 600w, https:\/\/tapir.de\/wp-content\/uploads\/2020\/05\/90200-Tapir-Leder-Sattelseife1-100x100.jpg 100w, https:\/\/tapir.de\/wp-content\/uploads\/2020\/05\/90200-Tapir-Leder-Sattelseife1.jpg 1000w\" sizes=\"auto, (max-width: 350px) 100vw, 350px\" \/>\t\t\t\t<\/a>\n\t\t\t<\/div>\n\t\t\t<div class=\"image-tools is-small top right show-on-hover\">\n\t\t\t\t\t\t\t<\/div>\n\t\t\t<div class=\"image-tools is-small hide-for-small bottom left show-on-hover\">\n\t\t\t\t\t\t\t<\/div>\n\t\t\t<div class=\"image-tools grid-tools text-center hide-for-small bottom hover-slide-in show-on-hover\">\n\t\t\t\t\t\t\t<\/div>\n\t\t\t\t\t<\/div>\n\n\t\t<div class=\"box-text box-text-products text-center grid-style-2\">\n\t\t\t<div class=\"title-wrapper\"><p class=\"name product-title woocommerce-loop-product__title\"><a href=\"https:\/\/tapir.de\/fr\/shop\/cuir-et-savon-pour-selle\/\" class=\"woocommerce-LoopProduct-link woocommerce-loop-product__link\">Cuir et savon pour selle<\/a><\/p><\/div><div class=\"price-wrapper\"><\/a><p class=\"price\"><small><\/small><span class=\"woocommerce-Price-amount amount\"><bdi>17,50&nbsp;<span class=\"woocommerce-Price-currencySymbol\">&euro;<\/span><\/bdi><\/span><\/p>\n\t\t<div class=\"wgm-info woocommerce-de_price_taxrate \"><\/div>\n\t\t<span class=\"wgm-info price-per-unit price-per-unit-loop ppu-variation-wrap\">(<span class=\"woocommerce-Price-amount amount\"><bdi>8,75&nbsp;<span class=\"woocommerce-Price-currencySymbol\">&euro;<\/span><\/bdi><\/span> \/ 100 ml)<\/span><div class=\"wgm-info woocommerce_de_versandkosten\">En plus <a>du transport<\/a> maritime<\/div><\/div><div class=\"add-to-cart-button\"><a href=\"\/fr\/wp-json\/wp\/v2\/posts\/23367?add-to-cart=21208\" aria-describedby=\"woocommerce_loop_add_to_cart_link_describedby_21208\" data-quantity=\"1\" class=\"primary is-small mb-0 button product_type_simple add_to_cart_button ajax_add_to_cart is-outline\" data-product_id=\"21208\" data-product_sku=\"90200\" aria-label=\"Ajouter au panier\u00a0: &ldquo;Cuir et savon pour selle&rdquo;\" rel=\"nofollow\" data-success_message=\"\u00ab\u00a0Cuir et savon pour selle\u00a0\u00bb a \u00e9t\u00e9 ajout\u00e9 \u00e0 votre panier\" role=\"button\">Ajouter au panier<\/a><\/div>\t<span id=\"woocommerce_loop_add_to_cart_link_describedby_21208\" class=\"screen-reader-text\">\n\t\t\t<\/span>\n\t\t<\/div>\n\t<\/div>\n\t<span class=\"gtm4wp_productdata\" style=\"display:none; visibility:hidden;\" data-gtm4wp_product_data=\"{&quot;internal_id&quot;:21208,&quot;item_id&quot;:21208,&quot;item_name&quot;:&quot;Cuir et savon pour selle&quot;,&quot;sku&quot;:&quot;90200&quot;,&quot;price&quot;:17.5,&quot;stocklevel&quot;:null,&quot;stockstatus&quot;:&quot;instock&quot;,&quot;google_business_vertical&quot;:&quot;retail&quot;,&quot;item_category&quot;:&quot;Savon pour cuir et selles&quot;,&quot;id&quot;:21208,&quot;productlink&quot;:&quot;https:\\\/\\\/tapir.de\\\/fr\\\/shop\\\/cuir-et-savon-pour-selle\\\/&quot;,&quot;item_list_name&quot;:&quot;Liste g\\u00e9n\\u00e9rale des produits&quot;,&quot;index&quot;:19,&quot;product_type&quot;:&quot;simple&quot;,&quot;item_brand&quot;:&quot;&quot;}\"><\/span>\t<\/div>\n<\/div><div class=\"product-small col has-hover product type-product post-21239 status-publish instock product_cat-creme-pour-le-soin-du-cuir product_tag-chaussure-denfant product_tag-chaussure-pour-femmes product_tag-chaussure-pour-hommes product_tag-cuir-lisse product_tag-gloss product_tag-soins has-post-thumbnail taxable shipping-taxable purchasable product-type-simple\">\n\t<div class=\"col-inner\">\n\t\n<div class=\"badge-container absolute left top z-1\">\n\n<\/div>\n\t<div class=\"product-small box \">\n\t\t<div class=\"box-image\">\n\t\t\t<div class=\"image-none\">\n\t\t\t\t<a href=\"https:\/\/tapir.de\/fr\/shop\/creme-pour-le-cuir-incolore\/\">\n\t\t\t\t\t<img loading=\"lazy\" decoding=\"async\" width=\"350\" height=\"350\" src=\"https:\/\/tapir.de\/wp-content\/uploads\/2020\/03\/80075-Lederpflegecreme-350x350.jpg\" class=\"attachment-woocommerce_thumbnail size-woocommerce_thumbnail\" alt=\"Cr\u00e8me pour le cuir incolore\" srcset=\"https:\/\/tapir.de\/wp-content\/uploads\/2020\/03\/80075-Lederpflegecreme-350x350.jpg 350w, https:\/\/tapir.de\/wp-content\/uploads\/2020\/03\/80075-Lederpflegecreme-400x400.jpg 400w, https:\/\/tapir.de\/wp-content\/uploads\/2020\/03\/80075-Lederpflegecreme-800x800.jpg 800w, https:\/\/tapir.de\/wp-content\/uploads\/2020\/03\/80075-Lederpflegecreme-280x280.jpg 280w, https:\/\/tapir.de\/wp-content\/uploads\/2020\/03\/80075-Lederpflegecreme-768x768.jpg 768w, https:\/\/tapir.de\/wp-content\/uploads\/2020\/03\/80075-Lederpflegecreme-1536x1536.jpg 1536w, https:\/\/tapir.de\/wp-content\/uploads\/2020\/03\/80075-Lederpflegecreme-2048x2048.jpg 2048w, https:\/\/tapir.de\/wp-content\/uploads\/2020\/03\/80075-Lederpflegecreme-1320x1320.jpg 1320w, https:\/\/tapir.de\/wp-content\/uploads\/2020\/03\/80075-Lederpflegecreme-600x600.jpg 600w, https:\/\/tapir.de\/wp-content\/uploads\/2020\/03\/80075-Lederpflegecreme-100x100.jpg 100w\" sizes=\"auto, (max-width: 350px) 100vw, 350px\" \/>\t\t\t\t<\/a>\n\t\t\t<\/div>\n\t\t\t<div class=\"image-tools is-small top right show-on-hover\">\n\t\t\t\t\t\t\t<\/div>\n\t\t\t<div class=\"image-tools is-small hide-for-small bottom left show-on-hover\">\n\t\t\t\t\t\t\t<\/div>\n\t\t\t<div class=\"image-tools grid-tools text-center hide-for-small bottom hover-slide-in show-on-hover\">\n\t\t\t\t\t\t\t<\/div>\n\t\t\t\t\t<\/div>\n\n\t\t<div class=\"box-text box-text-products text-center grid-style-2\">\n\t\t\t<div class=\"title-wrapper\"><p class=\"name product-title woocommerce-loop-product__title\"><a href=\"https:\/\/tapir.de\/fr\/shop\/creme-pour-le-cuir-incolore\/\" class=\"woocommerce-LoopProduct-link woocommerce-loop-product__link\">Cr\u00e8me pour le cuir incolore<\/a><\/p><\/div><div class=\"price-wrapper\"><\/a><p class=\"price\"><small><\/small><span class=\"woocommerce-Price-amount amount\"><bdi>9,90&nbsp;<span class=\"woocommerce-Price-currencySymbol\">&euro;<\/span><\/bdi><\/span><\/p>\n\t\t<div class=\"wgm-info woocommerce-de_price_taxrate \"><\/div>\n\t\t<span class=\"wgm-info price-per-unit price-per-unit-loop ppu-variation-wrap\">(<span class=\"woocommerce-Price-amount amount\"><bdi>13,20&nbsp;<span class=\"woocommerce-Price-currencySymbol\">&euro;<\/span><\/bdi><\/span> \/ 100 cm)<\/span><div class=\"wgm-info woocommerce_de_versandkosten\">En plus <a>du transport<\/a> maritime<\/div><\/div><div class=\"add-to-cart-button\"><a href=\"\/fr\/wp-json\/wp\/v2\/posts\/23367?add-to-cart=21239\" aria-describedby=\"woocommerce_loop_add_to_cart_link_describedby_21239\" data-quantity=\"1\" class=\"primary is-small mb-0 button product_type_simple add_to_cart_button ajax_add_to_cart is-outline\" data-product_id=\"21239\" data-product_sku=\"80075\" aria-label=\"Ajouter au panier\u00a0: &ldquo;Cr\u00e8me pour le cuir incolore&rdquo;\" rel=\"nofollow\" data-success_message=\"\u00ab\u00a0Cr\u00e8me pour le cuir incolore\u00a0\u00bb a \u00e9t\u00e9 ajout\u00e9 \u00e0 votre panier\" role=\"button\">Ajouter au panier<\/a><\/div>\t<span id=\"woocommerce_loop_add_to_cart_link_describedby_21239\" class=\"screen-reader-text\">\n\t\t\t<\/span>\n\t\t<\/div>\n\t<\/div>\n\t<span class=\"gtm4wp_productdata\" style=\"display:none; visibility:hidden;\" data-gtm4wp_product_data=\"{&quot;internal_id&quot;:21239,&quot;item_id&quot;:21239,&quot;item_name&quot;:&quot;Cr\\u00e8me pour le cuir incolore&quot;,&quot;sku&quot;:&quot;80075&quot;,&quot;price&quot;:9.9000000000000003552713678800500929355621337890625,&quot;stocklevel&quot;:null,&quot;stockstatus&quot;:&quot;instock&quot;,&quot;google_business_vertical&quot;:&quot;retail&quot;,&quot;item_category&quot;:&quot;Cr\\u00e8me pour le soin du cuir&quot;,&quot;id&quot;:21239,&quot;productlink&quot;:&quot;https:\\\/\\\/tapir.de\\\/fr\\\/shop\\\/creme-pour-le-cuir-incolore\\\/&quot;,&quot;item_list_name&quot;:&quot;Liste g\\u00e9n\\u00e9rale des produits&quot;,&quot;index&quot;:20,&quot;product_type&quot;:&quot;simple&quot;,&quot;item_brand&quot;:&quot;&quot;}\"><\/span>\t<\/div>\n<\/div><div class=\"product-small col has-hover product type-product post-21177 status-publish last instock product_cat-soins-du-cuir-pour-cuir-de-qualite product_tag-soins has-post-thumbnail taxable shipping-taxable purchasable product-type-simple\">\n\t<div class=\"col-inner\">\n\t\n<div class=\"badge-container absolute left top z-1\">\n\n<\/div>\n\t<div class=\"product-small box \">\n\t\t<div class=\"box-image\">\n\t\t\t<div class=\"image-none\">\n\t\t\t\t<a href=\"https:\/\/tapir.de\/fr\/shop\/soins-du-cuir\/\">\n\t\t\t\t\t<img loading=\"lazy\" decoding=\"async\" width=\"350\" height=\"350\" src=\"https:\/\/tapir.de\/wp-content\/uploads\/2020\/05\/50100-Lederpflege-Tapir-350x350.jpg\" class=\"attachment-woocommerce_thumbnail size-woocommerce_thumbnail\" alt=\"Soins du cuir\" srcset=\"https:\/\/tapir.de\/wp-content\/uploads\/2020\/05\/50100-Lederpflege-Tapir-350x350.jpg 350w, https:\/\/tapir.de\/wp-content\/uploads\/2020\/05\/50100-Lederpflege-Tapir-400x400.jpg 400w, https:\/\/tapir.de\/wp-content\/uploads\/2020\/05\/50100-Lederpflege-Tapir-800x800.jpg 800w, https:\/\/tapir.de\/wp-content\/uploads\/2020\/05\/50100-Lederpflege-Tapir-280x280.jpg 280w, https:\/\/tapir.de\/wp-content\/uploads\/2020\/05\/50100-Lederpflege-Tapir-768x768.jpg 768w, https:\/\/tapir.de\/wp-content\/uploads\/2020\/05\/50100-Lederpflege-Tapir-1320x1320.jpg 1320w, https:\/\/tapir.de\/wp-content\/uploads\/2020\/05\/50100-Lederpflege-Tapir-600x600.jpg 600w, https:\/\/tapir.de\/wp-content\/uploads\/2020\/05\/50100-Lederpflege-Tapir-100x100.jpg 100w, https:\/\/tapir.de\/wp-content\/uploads\/2020\/05\/50100-Lederpflege-Tapir.jpg 1500w\" sizes=\"auto, (max-width: 350px) 100vw, 350px\" \/>\t\t\t\t<\/a>\n\t\t\t<\/div>\n\t\t\t<div class=\"image-tools is-small top right show-on-hover\">\n\t\t\t\t\t\t\t<\/div>\n\t\t\t<div class=\"image-tools is-small hide-for-small bottom left show-on-hover\">\n\t\t\t\t\t\t\t<\/div>\n\t\t\t<div class=\"image-tools grid-tools text-center hide-for-small bottom hover-slide-in show-on-hover\">\n\t\t\t\t\t\t\t<\/div>\n\t\t\t\t\t<\/div>\n\n\t\t<div class=\"box-text box-text-products text-center grid-style-2\">\n\t\t\t<div class=\"title-wrapper\"><p class=\"name product-title woocommerce-loop-product__title\"><a href=\"https:\/\/tapir.de\/fr\/shop\/soins-du-cuir\/\" class=\"woocommerce-LoopProduct-link woocommerce-loop-product__link\">Soins du cuir<\/a><\/p><\/div><div class=\"price-wrapper\"><\/a><p class=\"price\"><small><\/small><span class=\"woocommerce-Price-amount amount\"><bdi>10,50&nbsp;<span class=\"woocommerce-Price-currencySymbol\">&euro;<\/span><\/bdi><\/span><\/p>\n\t\t<div class=\"wgm-info woocommerce-de_price_taxrate \"><\/div>\n\t\t<span class=\"wgm-info price-per-unit price-per-unit-loop ppu-variation-wrap\">(<span class=\"woocommerce-Price-amount amount\"><bdi>10,50&nbsp;<span class=\"woocommerce-Price-currencySymbol\">&euro;<\/span><\/bdi><\/span> \/ 100 ml)<\/span><div class=\"wgm-info woocommerce_de_versandkosten\">En plus <a>du transport<\/a> maritime<\/div><\/div><div class=\"add-to-cart-button\"><a href=\"\/fr\/wp-json\/wp\/v2\/posts\/23367?add-to-cart=21177\" aria-describedby=\"woocommerce_loop_add_to_cart_link_describedby_21177\" data-quantity=\"1\" class=\"primary is-small mb-0 button product_type_simple add_to_cart_button ajax_add_to_cart is-outline\" data-product_id=\"21177\" data-product_sku=\"50100\" aria-label=\"Ajouter au panier\u00a0: &ldquo;Soins du cuir&rdquo;\" rel=\"nofollow\" data-success_message=\"\u00ab\u00a0Soins du cuir\u00a0\u00bb a \u00e9t\u00e9 ajout\u00e9 \u00e0 votre panier\" role=\"button\">Ajouter au panier<\/a><\/div>\t<span id=\"woocommerce_loop_add_to_cart_link_describedby_21177\" class=\"screen-reader-text\">\n\t\t\t<\/span>\n\t\t<\/div>\n\t<\/div>\n\t<span class=\"gtm4wp_productdata\" style=\"display:none; visibility:hidden;\" data-gtm4wp_product_data=\"{&quot;internal_id&quot;:21177,&quot;item_id&quot;:21177,&quot;item_name&quot;:&quot;Soins du cuir&quot;,&quot;sku&quot;:&quot;50100&quot;,&quot;price&quot;:10.5,&quot;stocklevel&quot;:null,&quot;stockstatus&quot;:&quot;instock&quot;,&quot;google_business_vertical&quot;:&quot;retail&quot;,&quot;item_category&quot;:&quot;Soins du cuir pour cuir de qualit\\u00e9&quot;,&quot;id&quot;:21177,&quot;productlink&quot;:&quot;https:\\\/\\\/tapir.de\\\/fr\\\/shop\\\/soins-du-cuir\\\/&quot;,&quot;item_list_name&quot;:&quot;Liste g\\u00e9n\\u00e9rale des produits&quot;,&quot;index&quot;:21,&quot;product_type&quot;:&quot;simple&quot;,&quot;item_brand&quot;:&quot;&quot;}\"><\/span>\t<\/div>\n<\/div><div class=\"product-small col has-hover product type-product post-20765 status-publish first instock product_cat-brosses product_tag-accessoires has-post-thumbnail taxable shipping-taxable purchasable product-type-simple\">\n\t<div class=\"col-inner\">\n\t\n<div class=\"badge-container absolute left top z-1\">\n\n<\/div>\n\t<div class=\"product-small box \">\n\t\t<div class=\"box-image\">\n\t\t\t<div class=\"image-none\">\n\t\t\t\t<a href=\"https:\/\/tapir.de\/fr\/shop\/brosse-brillante-avec-crin-de-cheval-brun-a-fentes\/\">\n\t\t\t\t\t<img loading=\"lazy\" decoding=\"async\" width=\"350\" height=\"350\" src=\"https:\/\/tapir.de\/wp-content\/uploads\/2025\/01\/00904T_Glanzbuerste_mit_braunem_geschlitztem_Rosshaar_1-350x350.jpg\" class=\"attachment-woocommerce_thumbnail size-woocommerce_thumbnail\" alt=\"Brosse brillante avec crin de cheval brun \u00e0 fentes\" srcset=\"https:\/\/tapir.de\/wp-content\/uploads\/2025\/01\/00904T_Glanzbuerste_mit_braunem_geschlitztem_Rosshaar_1-350x350.jpg 350w, https:\/\/tapir.de\/wp-content\/uploads\/2025\/01\/00904T_Glanzbuerste_mit_braunem_geschlitztem_Rosshaar_1-400x400.jpg 400w, https:\/\/tapir.de\/wp-content\/uploads\/2025\/01\/00904T_Glanzbuerste_mit_braunem_geschlitztem_Rosshaar_1-800x800.jpg 800w, https:\/\/tapir.de\/wp-content\/uploads\/2025\/01\/00904T_Glanzbuerste_mit_braunem_geschlitztem_Rosshaar_1-280x280.jpg 280w, https:\/\/tapir.de\/wp-content\/uploads\/2025\/01\/00904T_Glanzbuerste_mit_braunem_geschlitztem_Rosshaar_1-768x768.jpg 768w, https:\/\/tapir.de\/wp-content\/uploads\/2025\/01\/00904T_Glanzbuerste_mit_braunem_geschlitztem_Rosshaar_1-1320x1320.jpg 1320w, https:\/\/tapir.de\/wp-content\/uploads\/2025\/01\/00904T_Glanzbuerste_mit_braunem_geschlitztem_Rosshaar_1-600x600.jpg 600w, https:\/\/tapir.de\/wp-content\/uploads\/2025\/01\/00904T_Glanzbuerste_mit_braunem_geschlitztem_Rosshaar_1-100x100.jpg 100w, https:\/\/tapir.de\/wp-content\/uploads\/2025\/01\/00904T_Glanzbuerste_mit_braunem_geschlitztem_Rosshaar_1.jpg 1500w\" sizes=\"auto, (max-width: 350px) 100vw, 350px\" \/>\t\t\t\t<\/a>\n\t\t\t<\/div>\n\t\t\t<div class=\"image-tools is-small top right show-on-hover\">\n\t\t\t\t\t\t\t<\/div>\n\t\t\t<div class=\"image-tools is-small hide-for-small bottom left show-on-hover\">\n\t\t\t\t\t\t\t<\/div>\n\t\t\t<div class=\"image-tools grid-tools text-center hide-for-small bottom hover-slide-in show-on-hover\">\n\t\t\t\t\t\t\t<\/div>\n\t\t\t\t\t<\/div>\n\n\t\t<div class=\"box-text box-text-products text-center grid-style-2\">\n\t\t\t<div class=\"title-wrapper\"><p class=\"name product-title woocommerce-loop-product__title\"><a href=\"https:\/\/tapir.de\/fr\/shop\/brosse-brillante-avec-crin-de-cheval-brun-a-fentes\/\" class=\"woocommerce-LoopProduct-link woocommerce-loop-product__link\">Brosse brillante avec crin de cheval brun \u00e0 fentes<\/a><\/p><\/div><div class=\"price-wrapper\"><\/a><p class=\"price\"><small><\/small><span class=\"woocommerce-Price-amount amount\"><bdi>20,90&nbsp;<span class=\"woocommerce-Price-currencySymbol\">&euro;<\/span><\/bdi><\/span><\/p>\n\t\t<div class=\"wgm-info woocommerce-de_price_taxrate \"><\/div>\n\t\t<div class=\"wgm-info woocommerce_de_versandkosten\">En plus <a>du transport<\/a> maritime<\/div><\/div><div class=\"add-to-cart-button\"><a href=\"\/fr\/wp-json\/wp\/v2\/posts\/23367?add-to-cart=20765\" aria-describedby=\"woocommerce_loop_add_to_cart_link_describedby_20765\" data-quantity=\"1\" class=\"primary is-small mb-0 button product_type_simple add_to_cart_button ajax_add_to_cart is-outline\" data-product_id=\"20765\" data-product_sku=\"00904T\" aria-label=\"Ajouter au panier\u00a0: &ldquo;Brosse brillante avec crin de cheval brun \u00e0 fentes&rdquo;\" rel=\"nofollow\" data-success_message=\"\u00ab\u00a0Brosse brillante avec crin de cheval brun \u00e0 fentes\u00a0\u00bb a \u00e9t\u00e9 ajout\u00e9 \u00e0 votre panier\" role=\"button\">Ajouter au panier<\/a><\/div>\t<span id=\"woocommerce_loop_add_to_cart_link_describedby_20765\" class=\"screen-reader-text\">\n\t\t\t<\/span>\n\t\t<\/div>\n\t<\/div>\n\t<span class=\"gtm4wp_productdata\" style=\"display:none; visibility:hidden;\" data-gtm4wp_product_data=\"{&quot;internal_id&quot;:20765,&quot;item_id&quot;:20765,&quot;item_name&quot;:&quot;Brosse brillante avec crin de cheval brun \\u00e0 fentes&quot;,&quot;sku&quot;:&quot;00904T&quot;,&quot;price&quot;:20.89999999999999857891452847979962825775146484375,&quot;stocklevel&quot;:null,&quot;stockstatus&quot;:&quot;instock&quot;,&quot;google_business_vertical&quot;:&quot;retail&quot;,&quot;item_category&quot;:&quot;Brosses&quot;,&quot;id&quot;:20765,&quot;productlink&quot;:&quot;https:\\\/\\\/tapir.de\\\/fr\\\/shop\\\/brosse-brillante-avec-crin-de-cheval-brun-a-fentes\\\/&quot;,&quot;item_list_name&quot;:&quot;Liste g\\u00e9n\\u00e9rale des produits&quot;,&quot;index&quot;:22,&quot;product_type&quot;:&quot;simple&quot;,&quot;item_brand&quot;:&quot;&quot;}\"><\/span>\t<\/div>\n<\/div><div class=\"product-small col has-hover product type-product post-20947 status-publish instock product_cat-brosses product_tag-accessoires has-post-thumbnail taxable shipping-taxable purchasable product-type-simple\">\n\t<div class=\"col-inner\">\n\t\n<div class=\"badge-container absolute left top z-1\">\n\n<\/div>\n\t<div class=\"product-small box \">\n\t\t<div class=\"box-image\">\n\t\t\t<div class=\"image-none\">\n\t\t\t\t<a href=\"https:\/\/tapir.de\/fr\/shop\/brosse-dapplication-ronde-en-crin-de-cheval-fonce\/\">\n\t\t\t\t\t<img loading=\"lazy\" decoding=\"async\" width=\"350\" height=\"350\" src=\"https:\/\/tapir.de\/wp-content\/uploads\/2025\/01\/00906_Runde_Auftragsbuerste_aus_dunklem_Rosshaar_1-350x350.jpg\" class=\"attachment-woocommerce_thumbnail size-woocommerce_thumbnail\" alt=\"Brosse d\u2019application ronde en crin de cheval fonc\u00e9\" srcset=\"https:\/\/tapir.de\/wp-content\/uploads\/2025\/01\/00906_Runde_Auftragsbuerste_aus_dunklem_Rosshaar_1-350x350.jpg 350w, https:\/\/tapir.de\/wp-content\/uploads\/2025\/01\/00906_Runde_Auftragsbuerste_aus_dunklem_Rosshaar_1-400x400.jpg 400w, https:\/\/tapir.de\/wp-content\/uploads\/2025\/01\/00906_Runde_Auftragsbuerste_aus_dunklem_Rosshaar_1-800x800.jpg 800w, https:\/\/tapir.de\/wp-content\/uploads\/2025\/01\/00906_Runde_Auftragsbuerste_aus_dunklem_Rosshaar_1-280x280.jpg 280w, https:\/\/tapir.de\/wp-content\/uploads\/2025\/01\/00906_Runde_Auftragsbuerste_aus_dunklem_Rosshaar_1-768x768.jpg 768w, https:\/\/tapir.de\/wp-content\/uploads\/2025\/01\/00906_Runde_Auftragsbuerste_aus_dunklem_Rosshaar_1-1320x1320.jpg 1320w, https:\/\/tapir.de\/wp-content\/uploads\/2025\/01\/00906_Runde_Auftragsbuerste_aus_dunklem_Rosshaar_1-600x600.jpg 600w, https:\/\/tapir.de\/wp-content\/uploads\/2025\/01\/00906_Runde_Auftragsbuerste_aus_dunklem_Rosshaar_1-100x100.jpg 100w, https:\/\/tapir.de\/wp-content\/uploads\/2025\/01\/00906_Runde_Auftragsbuerste_aus_dunklem_Rosshaar_1.jpg 1500w\" sizes=\"auto, (max-width: 350px) 100vw, 350px\" \/>\t\t\t\t<\/a>\n\t\t\t<\/div>\n\t\t\t<div class=\"image-tools is-small top right show-on-hover\">\n\t\t\t\t\t\t\t<\/div>\n\t\t\t<div class=\"image-tools is-small hide-for-small bottom left show-on-hover\">\n\t\t\t\t\t\t\t<\/div>\n\t\t\t<div class=\"image-tools grid-tools text-center hide-for-small bottom hover-slide-in show-on-hover\">\n\t\t\t\t\t\t\t<\/div>\n\t\t\t\t\t<\/div>\n\n\t\t<div class=\"box-text box-text-products text-center grid-style-2\">\n\t\t\t<div class=\"title-wrapper\"><p class=\"name product-title woocommerce-loop-product__title\"><a href=\"https:\/\/tapir.de\/fr\/shop\/brosse-dapplication-ronde-en-crin-de-cheval-fonce\/\" class=\"woocommerce-LoopProduct-link woocommerce-loop-product__link\">Brosse d\u2019application ronde en crin de cheval fonc\u00e9<\/a><\/p><\/div><div class=\"price-wrapper\"><\/a><p class=\"price\"><small><\/small><span class=\"woocommerce-Price-amount amount\"><bdi>4,50&nbsp;<span class=\"woocommerce-Price-currencySymbol\">&euro;<\/span><\/bdi><\/span><\/p>\n\t\t<div class=\"wgm-info woocommerce-de_price_taxrate \"><\/div>\n\t\t<div class=\"wgm-info woocommerce_de_versandkosten\">En plus <a>du transport<\/a> maritime<\/div><\/div><div class=\"add-to-cart-button\"><a href=\"\/fr\/wp-json\/wp\/v2\/posts\/23367?add-to-cart=20947\" aria-describedby=\"woocommerce_loop_add_to_cart_link_describedby_20947\" data-quantity=\"1\" class=\"primary is-small mb-0 button product_type_simple add_to_cart_button ajax_add_to_cart is-outline\" data-product_id=\"20947\" data-product_sku=\"00906\" aria-label=\"Ajouter au panier\u00a0: &ldquo;Brosse d\u2019application ronde en crin de cheval fonc\u00e9&rdquo;\" rel=\"nofollow\" data-success_message=\"\u00ab\u00a0Brosse d\u2019application ronde en crin de cheval fonc\u00e9\u00a0\u00bb a \u00e9t\u00e9 ajout\u00e9 \u00e0 votre panier\" role=\"button\">Ajouter au panier<\/a><\/div>\t<span id=\"woocommerce_loop_add_to_cart_link_describedby_20947\" class=\"screen-reader-text\">\n\t\t\t<\/span>\n\t\t<\/div>\n\t<\/div>\n\t<span class=\"gtm4wp_productdata\" style=\"display:none; visibility:hidden;\" data-gtm4wp_product_data=\"{&quot;internal_id&quot;:20947,&quot;item_id&quot;:20947,&quot;item_name&quot;:&quot;Brosse d\\u2019application ronde en crin de cheval fonc\\u00e9&quot;,&quot;sku&quot;:&quot;00906&quot;,&quot;price&quot;:4.5,&quot;stocklevel&quot;:null,&quot;stockstatus&quot;:&quot;instock&quot;,&quot;google_business_vertical&quot;:&quot;retail&quot;,&quot;item_category&quot;:&quot;Brosses&quot;,&quot;id&quot;:20947,&quot;productlink&quot;:&quot;https:\\\/\\\/tapir.de\\\/fr\\\/shop\\\/brosse-dapplication-ronde-en-crin-de-cheval-fonce\\\/&quot;,&quot;item_list_name&quot;:&quot;Liste g\\u00e9n\\u00e9rale des produits&quot;,&quot;index&quot;:23,&quot;product_type&quot;:&quot;simple&quot;,&quot;item_brand&quot;:&quot;&quot;}\"><\/span>\t<\/div>\n<\/div><div class=\"product-small col has-hover product type-product post-20872 status-publish last instock product_cat-accessoires product_tag-accessoires product_tag-canape-en-cuir product_tag-cuir-en-daim product_tag-cuir-lisse has-post-thumbnail taxable shipping-taxable purchasable product-type-simple\">\n\t<div class=\"col-inner\">\n\t\n<div class=\"badge-container absolute left top z-1\">\n\n<\/div>\n\t<div class=\"product-small box \">\n\t\t<div class=\"box-image\">\n\t\t\t<div class=\"image-none\">\n\t\t\t\t<a href=\"https:\/\/tapir.de\/fr\/shop\/eponge-gonflante-en-cellulose-naturelle\/\">\n\t\t\t\t\t<img loading=\"lazy\" decoding=\"async\" width=\"350\" height=\"350\" src=\"https:\/\/tapir.de\/wp-content\/uploads\/2020\/07\/Tapir_Quellschwamm-scaled-350x350.jpeg\" class=\"attachment-woocommerce_thumbnail size-woocommerce_thumbnail\" alt=\"\u00c9ponge gonflante en cellulose naturelle\" srcset=\"https:\/\/tapir.de\/wp-content\/uploads\/2020\/07\/Tapir_Quellschwamm-scaled-350x350.jpeg 350w, https:\/\/tapir.de\/wp-content\/uploads\/2020\/07\/Tapir_Quellschwamm-scaled-100x100.jpeg 100w, https:\/\/tapir.de\/wp-content\/uploads\/2020\/07\/Tapir_Quellschwamm-280x280.jpeg 280w\" sizes=\"auto, (max-width: 350px) 100vw, 350px\" \/>\t\t\t\t<\/a>\n\t\t\t<\/div>\n\t\t\t<div class=\"image-tools is-small top right show-on-hover\">\n\t\t\t\t\t\t\t<\/div>\n\t\t\t<div class=\"image-tools is-small hide-for-small bottom left show-on-hover\">\n\t\t\t\t\t\t\t<\/div>\n\t\t\t<div class=\"image-tools grid-tools text-center hide-for-small bottom hover-slide-in show-on-hover\">\n\t\t\t\t\t\t\t<\/div>\n\t\t\t\t\t<\/div>\n\n\t\t<div class=\"box-text box-text-products text-center grid-style-2\">\n\t\t\t<div class=\"title-wrapper\"><p class=\"name product-title woocommerce-loop-product__title\"><a href=\"https:\/\/tapir.de\/fr\/shop\/eponge-gonflante-en-cellulose-naturelle\/\" class=\"woocommerce-LoopProduct-link woocommerce-loop-product__link\">\u00c9ponge gonflante en cellulose naturelle<\/a><\/p><\/div><div class=\"price-wrapper\"><\/a><p class=\"price\"><small><\/small><span class=\"woocommerce-Price-amount amount\"><bdi>3,90&nbsp;<span class=\"woocommerce-Price-currencySymbol\">&euro;<\/span><\/bdi><\/span><\/p>\n\t\t<div class=\"wgm-info woocommerce-de_price_taxrate \"><\/div>\n\t\t<div class=\"wgm-info woocommerce_de_versandkosten\">En plus <a>du transport<\/a> maritime<\/div><\/div><div class=\"add-to-cart-button\"><a href=\"\/fr\/wp-json\/wp\/v2\/posts\/23367?add-to-cart=20872\" aria-describedby=\"woocommerce_loop_add_to_cart_link_describedby_20872\" data-quantity=\"1\" class=\"primary is-small mb-0 button product_type_simple add_to_cart_button ajax_add_to_cart is-outline\" data-product_id=\"20872\" data-product_sku=\"76020\" aria-label=\"Ajouter au panier\u00a0: &ldquo;\u00c9ponge gonflante en cellulose naturelle&rdquo;\" rel=\"nofollow\" data-success_message=\"\u00ab\u00a0\u00c9ponge gonflante en cellulose naturelle\u00a0\u00bb a \u00e9t\u00e9 ajout\u00e9 \u00e0 votre panier\" role=\"button\">Ajouter au panier<\/a><\/div>\t<span id=\"woocommerce_loop_add_to_cart_link_describedby_20872\" class=\"screen-reader-text\">\n\t\t\t<\/span>\n\t\t<\/div>\n\t<\/div>\n\t<span class=\"gtm4wp_productdata\" style=\"display:none; visibility:hidden;\" data-gtm4wp_product_data=\"{&quot;internal_id&quot;:20872,&quot;item_id&quot;:20872,&quot;item_name&quot;:&quot;\\u00c9ponge gonflante en cellulose naturelle&quot;,&quot;sku&quot;:&quot;76020&quot;,&quot;price&quot;:3.899999999999999911182158029987476766109466552734375,&quot;stocklevel&quot;:null,&quot;stockstatus&quot;:&quot;instock&quot;,&quot;google_business_vertical&quot;:&quot;retail&quot;,&quot;item_category&quot;:&quot;Accessoires&quot;,&quot;id&quot;:20872,&quot;productlink&quot;:&quot;https:\\\/\\\/tapir.de\\\/fr\\\/shop\\\/eponge-gonflante-en-cellulose-naturelle\\\/&quot;,&quot;item_list_name&quot;:&quot;Liste g\\u00e9n\\u00e9rale des produits&quot;,&quot;index&quot;:24,&quot;product_type&quot;:&quot;simple&quot;,&quot;item_brand&quot;:&quot;&quot;}\"><\/span>\t<\/div>\n<\/div><\/div>\n\n\n\t\t<\/div>\n\t\t\t\t\t<\/div>\n\n\t\n\n<\/div>\n\n  \n    <div class=\"row large-columns-4 medium-columns-3 small-columns-2\" >\n  <div class=\"gallery-col col\" >\n          <div class=\"col-inner\">\n            <a class=\"image-lightbox lightbox-gallery\" href=\"https:\/\/tapir.de\/wp-content\/uploads\/2026\/04\/IMG_8462-1067x800.jpeg\" title=\"vorher: Sattel mit Flecken und Macken\">            <div class=\"box has-hover gallery-box box-overlay dark\">\n              <div class=\"box-image\" >\n                <img loading=\"lazy\" decoding=\"async\" width=\"533\" height=\"400\" src=\"https:\/\/tapir.de\/wp-content\/uploads\/2026\/04\/IMG_8462-533x400.jpeg\" class=\"attachment-medium size-medium\" alt=\"\" ids=\"23384,23378,23375,23381,23379,23369\" srcset=\"https:\/\/tapir.de\/wp-content\/uploads\/2026\/04\/IMG_8462-533x400.jpeg 533w, https:\/\/tapir.de\/wp-content\/uploads\/2026\/04\/IMG_8462-1067x800.jpeg 1067w, https:\/\/tapir.de\/wp-content\/uploads\/2026\/04\/IMG_8462-768x576.jpeg 768w, https:\/\/tapir.de\/wp-content\/uploads\/2026\/04\/IMG_8462-1536x1152.jpeg 1536w, https:\/\/tapir.de\/wp-content\/uploads\/2026\/04\/IMG_8462-2048x1536.jpeg 2048w, https:\/\/tapir.de\/wp-content\/uploads\/2026\/04\/IMG_8462-1320x990.jpeg 1320w, https:\/\/tapir.de\/wp-content\/uploads\/2026\/04\/IMG_8462-600x450.jpeg 600w\" sizes=\"auto, (max-width: 533px) 100vw, 533px\" \/>                                  <div class=\"overlay fill\"\n                      style=\"background-color: rgba(0,0,0,.15)\">\n                  <\/div>\n                                                              <\/div>\n              <div class=\"box-text text-left\" >\n                 <p>vorher: Sattel mit Flecken und Macken<\/p>\n              <\/div>\n            <\/div>\n            <\/a>          <\/div>\n         <\/div><div class=\"gallery-col col\" >\n          <div class=\"col-inner\">\n            <a class=\"image-lightbox lightbox-gallery\" href=\"https:\/\/tapir.de\/wp-content\/uploads\/2026\/04\/IMG_8489-450x800.jpg\" title=\"Entnahme der Seife mit kreisenden Bewegungen\">            <div class=\"box has-hover gallery-box box-overlay dark\">\n              <div class=\"box-image\" >\n                <img loading=\"lazy\" decoding=\"async\" width=\"225\" height=\"400\" src=\"https:\/\/tapir.de\/wp-content\/uploads\/2026\/04\/IMG_8489-225x400.jpg\" class=\"attachment-medium size-medium\" alt=\"\" ids=\"23384,23378,23375,23381,23379,23369\" srcset=\"https:\/\/tapir.de\/wp-content\/uploads\/2026\/04\/IMG_8489-225x400.jpg 225w, https:\/\/tapir.de\/wp-content\/uploads\/2026\/04\/IMG_8489-450x800.jpg 450w, https:\/\/tapir.de\/wp-content\/uploads\/2026\/04\/IMG_8489-768x1365.jpg 768w, https:\/\/tapir.de\/wp-content\/uploads\/2026\/04\/IMG_8489-864x1536.jpg 864w, https:\/\/tapir.de\/wp-content\/uploads\/2026\/04\/IMG_8489-1152x2048.jpg 1152w, https:\/\/tapir.de\/wp-content\/uploads\/2026\/04\/IMG_8489-1320x2347.jpg 1320w, https:\/\/tapir.de\/wp-content\/uploads\/2026\/04\/IMG_8489-600x1067.jpg 600w, https:\/\/tapir.de\/wp-content\/uploads\/2026\/04\/IMG_8489-scaled.jpg 1440w\" sizes=\"auto, (max-width: 225px) 100vw, 225px\" \/>                                  <div class=\"overlay fill\"\n                      style=\"background-color: rgba(0,0,0,.15)\">\n                  <\/div>\n                                                              <\/div>\n              <div class=\"box-text text-left\" >\n                 <p>Entnahme der Seife mit kreisenden Bewegungen<\/p>\n              <\/div>\n            <\/div>\n            <\/a>          <\/div>\n         <\/div><div class=\"gallery-col col\" >\n          <div class=\"col-inner\">\n            <a class=\"image-lightbox lightbox-gallery\" href=\"https:\/\/tapir.de\/wp-content\/uploads\/2026\/04\/IMG_8518-600x800.jpeg\" title=\"Auftragen der Seife\">            <div class=\"box has-hover gallery-box box-overlay dark\">\n              <div class=\"box-image\" >\n                <img loading=\"lazy\" decoding=\"async\" width=\"300\" height=\"400\" src=\"https:\/\/tapir.de\/wp-content\/uploads\/2026\/04\/IMG_8518-300x400.jpeg\" class=\"attachment-medium size-medium\" alt=\"\" ids=\"23384,23378,23375,23381,23379,23369\" srcset=\"https:\/\/tapir.de\/wp-content\/uploads\/2026\/04\/IMG_8518-300x400.jpeg 300w, https:\/\/tapir.de\/wp-content\/uploads\/2026\/04\/IMG_8518-600x800.jpeg 600w, https:\/\/tapir.de\/wp-content\/uploads\/2026\/04\/IMG_8518-768x1024.jpeg 768w, https:\/\/tapir.de\/wp-content\/uploads\/2026\/04\/IMG_8518-1152x1536.jpeg 1152w, https:\/\/tapir.de\/wp-content\/uploads\/2026\/04\/IMG_8518-1536x2048.jpeg 1536w, https:\/\/tapir.de\/wp-content\/uploads\/2026\/04\/IMG_8518-1320x1760.jpeg 1320w, https:\/\/tapir.de\/wp-content\/uploads\/2026\/04\/IMG_8518-scaled.jpeg 1920w\" sizes=\"auto, (max-width: 300px) 100vw, 300px\" \/>                                  <div class=\"overlay fill\"\n                      style=\"background-color: rgba(0,0,0,.15)\">\n                  <\/div>\n                                                              <\/div>\n              <div class=\"box-text text-left\" >\n                 <p>Auftragen der Seife<\/p>\n              <\/div>\n            <\/div>\n            <\/a>          <\/div>\n         <\/div><div class=\"gallery-col col\" >\n          <div class=\"col-inner\">\n            <a class=\"image-lightbox lightbox-gallery\" href=\"https:\/\/tapir.de\/wp-content\/uploads\/2026\/04\/IMG_8479-450x800.jpg\" title=\"Tiefenpflege mit Lederfett\">            <div class=\"box has-hover gallery-box box-overlay dark\">\n              <div class=\"box-image\" >\n                <img loading=\"lazy\" decoding=\"async\" width=\"225\" height=\"400\" src=\"https:\/\/tapir.de\/wp-content\/uploads\/2026\/04\/IMG_8479-225x400.jpg\" class=\"attachment-medium size-medium\" alt=\"\" ids=\"23384,23378,23375,23381,23379,23369\" srcset=\"https:\/\/tapir.de\/wp-content\/uploads\/2026\/04\/IMG_8479-225x400.jpg 225w, https:\/\/tapir.de\/wp-content\/uploads\/2026\/04\/IMG_8479-450x800.jpg 450w, https:\/\/tapir.de\/wp-content\/uploads\/2026\/04\/IMG_8479-768x1365.jpg 768w, https:\/\/tapir.de\/wp-content\/uploads\/2026\/04\/IMG_8479-864x1536.jpg 864w, https:\/\/tapir.de\/wp-content\/uploads\/2026\/04\/IMG_8479-1152x2048.jpg 1152w, https:\/\/tapir.de\/wp-content\/uploads\/2026\/04\/IMG_8479-1320x2347.jpg 1320w, https:\/\/tapir.de\/wp-content\/uploads\/2026\/04\/IMG_8479-600x1067.jpg 600w, https:\/\/tapir.de\/wp-content\/uploads\/2026\/04\/IMG_8479-scaled.jpg 1440w\" sizes=\"auto, (max-width: 225px) 100vw, 225px\" \/>                                  <div class=\"overlay fill\"\n                      style=\"background-color: rgba(0,0,0,.15)\">\n                  <\/div>\n                                                              <\/div>\n              <div class=\"box-text text-left\" >\n                 <p>Tiefenpflege mit Lederfett<\/p>\n              <\/div>\n            <\/div>\n            <\/a>          <\/div>\n         <\/div><div class=\"gallery-col col\" >\n          <div class=\"col-inner\">\n            <a class=\"image-lightbox lightbox-gallery\" href=\"https:\/\/tapir.de\/wp-content\/uploads\/2026\/04\/IMG_8484-450x800.jpg\" title=\"Nat\u00fcrliche Lederpflege\">            <div class=\"box has-hover gallery-box box-overlay dark\">\n              <div class=\"box-image\" >\n                <img loading=\"lazy\" decoding=\"async\" width=\"225\" height=\"400\" src=\"https:\/\/tapir.de\/wp-content\/uploads\/2026\/04\/IMG_8484-225x400.jpg\" class=\"attachment-medium size-medium\" alt=\"\" ids=\"23384,23378,23375,23381,23379,23369\" srcset=\"https:\/\/tapir.de\/wp-content\/uploads\/2026\/04\/IMG_8484-225x400.jpg 225w, https:\/\/tapir.de\/wp-content\/uploads\/2026\/04\/IMG_8484-450x800.jpg 450w, https:\/\/tapir.de\/wp-content\/uploads\/2026\/04\/IMG_8484-768x1365.jpg 768w, https:\/\/tapir.de\/wp-content\/uploads\/2026\/04\/IMG_8484-864x1536.jpg 864w, https:\/\/tapir.de\/wp-content\/uploads\/2026\/04\/IMG_8484-1152x2048.jpg 1152w, https:\/\/tapir.de\/wp-content\/uploads\/2026\/04\/IMG_8484-1320x2347.jpg 1320w, https:\/\/tapir.de\/wp-content\/uploads\/2026\/04\/IMG_8484-600x1067.jpg 600w, https:\/\/tapir.de\/wp-content\/uploads\/2026\/04\/IMG_8484-scaled.jpg 1440w\" sizes=\"auto, (max-width: 225px) 100vw, 225px\" \/>                                  <div class=\"overlay fill\"\n                      style=\"background-color: rgba(0,0,0,.15)\">\n                  <\/div>\n                                                              <\/div>\n              <div class=\"box-text text-left\" >\n                 <p>Nat\u00fcrliche Lederpflege<\/p>\n              <\/div>\n            <\/div>\n            <\/a>          <\/div>\n         <\/div><div class=\"gallery-col col\" >\n          <div class=\"col-inner\">\n            <a class=\"image-lightbox lightbox-gallery\" href=\"https:\/\/tapir.de\/wp-content\/uploads\/2026\/04\/IMG_8523-600x800.jpeg\" title=\"Fahrradsattel aus Leder nat\u00fcrlich gepflegt\">            <div class=\"box has-hover gallery-box box-overlay dark\">\n              <div class=\"box-image\" >\n                <img loading=\"lazy\" decoding=\"async\" width=\"300\" height=\"400\" src=\"https:\/\/tapir.de\/wp-content\/uploads\/2026\/04\/IMG_8523-300x400.jpeg\" class=\"attachment-medium size-medium\" alt=\"\" ids=\"23384,23378,23375,23381,23379,23369\" srcset=\"https:\/\/tapir.de\/wp-content\/uploads\/2026\/04\/IMG_8523-300x400.jpeg 300w, https:\/\/tapir.de\/wp-content\/uploads\/2026\/04\/IMG_8523-600x800.jpeg 600w, https:\/\/tapir.de\/wp-content\/uploads\/2026\/04\/IMG_8523-768x1024.jpeg 768w, https:\/\/tapir.de\/wp-content\/uploads\/2026\/04\/IMG_8523-1152x1536.jpeg 1152w, https:\/\/tapir.de\/wp-content\/uploads\/2026\/04\/IMG_8523-1536x2048.jpeg 1536w, https:\/\/tapir.de\/wp-content\/uploads\/2026\/04\/IMG_8523-1320x1760.jpeg 1320w, https:\/\/tapir.de\/wp-content\/uploads\/2026\/04\/IMG_8523-scaled.jpeg 1920w\" sizes=\"auto, (max-width: 300px) 100vw, 300px\" \/>                                  <div class=\"overlay fill\"\n                      style=\"background-color: rgba(0,0,0,.15)\">\n                  <\/div>\n                                                              <\/div>\n              <div class=\"box-text text-left\" >\n                 <p>Fahrradsattel aus Leder nat\u00fcrlich gepflegt<\/p>\n              <\/div>\n            <\/div>\n            <\/a>          <\/div>\n         <\/div><\/div>\n\n  <div class=\"icon-box testimonial-box icon-box-left text-left\">\n                <div class=\"icon-box-text p-last-0\">\n          <div class=\"star-rating\" role=\"img\" aria-label=\"Rated 5 out of 5\"><span style=\"width:100%\"><strong class=\"rating\"><\/strong><\/span><\/div>  \t\t\t\t<div class=\"testimonial-text line-height-small italic test_text first-reset last-reset is-italic\">\n            \n\n<h3>F\u00fcr die Lederpflege eines braunen, nat\u00fcrlichen Rennrad- Fahrradsattels aus Glattleder empfiehlt Tapir:\u00a0<\/h3>\n\n          <\/div>\n          <div class=\"testimonial-meta pt-half\">\n             <strong class=\"testimonial-name test_name\"><\/strong>\n                          <span class=\"testimonial-company test_company\"><\/span>\n          <\/div>\n        <\/div>\n  <\/div>\n\n  \n\t\n  \n    <div class=\"row large-columns-4 medium-columns-3 small-columns-2 row-small has-shadow row-box-shadow-2 slider row-slider slider-nav-reveal slider-nav-push\"  data-flickity-options='{&quot;imagesLoaded&quot;: true, &quot;groupCells&quot;: &quot;100%&quot;, &quot;dragThreshold&quot; : 5, &quot;cellAlign&quot;: &quot;left&quot;,&quot;wrapAround&quot;: true,&quot;prevNextButtons&quot;: true,&quot;percentPosition&quot;: true,&quot;pageDots&quot;: false, &quot;rightToLeft&quot;: false, &quot;autoPlay&quot; : false}' >\n\n  \n\t     <div class=\"product-small col has-hover product type-product post-21208 status-publish first instock product_cat-savon-pour-cuir-et-selles product_tag-cuir-lisse product_tag-nettoyage has-post-thumbnail taxable shipping-taxable purchasable product-type-simple\">\n\t<div class=\"col-inner\">\n\t\n<div class=\"badge-container absolute left top z-1\">\n\n<\/div>\n\t<div class=\"product-small box \">\n\t\t<div class=\"box-image\">\n\t\t\t<div class=\"image-none\">\n\t\t\t\t<a href=\"https:\/\/tapir.de\/fr\/shop\/cuir-et-savon-pour-selle\/\">\n\t\t\t\t\t<img loading=\"lazy\" decoding=\"async\" width=\"350\" height=\"350\" src=\"https:\/\/tapir.de\/wp-content\/uploads\/2020\/05\/90200-Tapir-Leder-Sattelseife1-350x350.jpg\" class=\"attachment-woocommerce_thumbnail size-woocommerce_thumbnail\" alt=\"Cuir et savon pour selle\" srcset=\"https:\/\/tapir.de\/wp-content\/uploads\/2020\/05\/90200-Tapir-Leder-Sattelseife1-350x350.jpg 350w, https:\/\/tapir.de\/wp-content\/uploads\/2020\/05\/90200-Tapir-Leder-Sattelseife1-400x400.jpg 400w, https:\/\/tapir.de\/wp-content\/uploads\/2020\/05\/90200-Tapir-Leder-Sattelseife1-800x800.jpg 800w, https:\/\/tapir.de\/wp-content\/uploads\/2020\/05\/90200-Tapir-Leder-Sattelseife1-280x280.jpg 280w, https:\/\/tapir.de\/wp-content\/uploads\/2020\/05\/90200-Tapir-Leder-Sattelseife1-768x768.jpg 768w, https:\/\/tapir.de\/wp-content\/uploads\/2020\/05\/90200-Tapir-Leder-Sattelseife1-600x600.jpg 600w, https:\/\/tapir.de\/wp-content\/uploads\/2020\/05\/90200-Tapir-Leder-Sattelseife1-100x100.jpg 100w, https:\/\/tapir.de\/wp-content\/uploads\/2020\/05\/90200-Tapir-Leder-Sattelseife1.jpg 1000w\" sizes=\"auto, (max-width: 350px) 100vw, 350px\" \/>\t\t\t\t<\/a>\n\t\t\t<\/div>\n\t\t\t<div class=\"image-tools is-small top right show-on-hover\">\n\t\t\t\t\t\t\t<\/div>\n\t\t\t<div class=\"image-tools is-small hide-for-small bottom left show-on-hover\">\n\t\t\t\t\t\t\t<\/div>\n\t\t\t<div class=\"image-tools grid-tools text-center hide-for-small bottom hover-slide-in show-on-hover\">\n\t\t\t\t\t\t\t<\/div>\n\t\t\t\t\t<\/div>\n\n\t\t<div class=\"box-text box-text-products text-center grid-style-2\">\n\t\t\t<div class=\"title-wrapper\"><p class=\"name product-title woocommerce-loop-product__title\"><a href=\"https:\/\/tapir.de\/fr\/shop\/cuir-et-savon-pour-selle\/\" class=\"woocommerce-LoopProduct-link woocommerce-loop-product__link\">Cuir et savon pour selle<\/a><\/p><\/div><div class=\"price-wrapper\"><\/a><p class=\"price\"><small><\/small><span class=\"woocommerce-Price-amount amount\"><bdi>17,50&nbsp;<span class=\"woocommerce-Price-currencySymbol\">&euro;<\/span><\/bdi><\/span><\/p>\n\t\t<div class=\"wgm-info woocommerce-de_price_taxrate \"><\/div>\n\t\t<span class=\"wgm-info price-per-unit price-per-unit-loop ppu-variation-wrap\">(<span class=\"woocommerce-Price-amount amount\"><bdi>8,75&nbsp;<span class=\"woocommerce-Price-currencySymbol\">&euro;<\/span><\/bdi><\/span> \/ 100 ml)<\/span><div class=\"wgm-info woocommerce_de_versandkosten\">En plus <a>du transport<\/a> maritime<\/div><\/div><div class=\"add-to-cart-button\"><a href=\"\/fr\/wp-json\/wp\/v2\/posts\/23367?add-to-cart=21208\" aria-describedby=\"woocommerce_loop_add_to_cart_link_describedby_21208\" data-quantity=\"1\" class=\"primary is-small mb-0 button product_type_simple add_to_cart_button ajax_add_to_cart is-outline\" data-product_id=\"21208\" data-product_sku=\"90200\" aria-label=\"Ajouter au panier\u00a0: &ldquo;Cuir et savon pour selle&rdquo;\" rel=\"nofollow\" data-success_message=\"\u00ab\u00a0Cuir et savon pour selle\u00a0\u00bb a \u00e9t\u00e9 ajout\u00e9 \u00e0 votre panier\" role=\"button\">Ajouter au panier<\/a><\/div>\t<span id=\"woocommerce_loop_add_to_cart_link_describedby_21208\" class=\"screen-reader-text\">\n\t\t\t<\/span>\n\t\t<\/div>\n\t<\/div>\n\t<span class=\"gtm4wp_productdata\" style=\"display:none; visibility:hidden;\" data-gtm4wp_product_data=\"{&quot;internal_id&quot;:21208,&quot;item_id&quot;:21208,&quot;item_name&quot;:&quot;Cuir et savon pour selle&quot;,&quot;sku&quot;:&quot;90200&quot;,&quot;price&quot;:17.5,&quot;stocklevel&quot;:null,&quot;stockstatus&quot;:&quot;instock&quot;,&quot;google_business_vertical&quot;:&quot;retail&quot;,&quot;item_category&quot;:&quot;Savon pour cuir et selles&quot;,&quot;id&quot;:21208,&quot;productlink&quot;:&quot;https:\\\/\\\/tapir.de\\\/fr\\\/shop\\\/cuir-et-savon-pour-selle\\\/&quot;,&quot;item_list_name&quot;:&quot;Liste g\\u00e9n\\u00e9rale des produits&quot;,&quot;index&quot;:25,&quot;product_type&quot;:&quot;simple&quot;,&quot;item_brand&quot;:&quot;&quot;}\"><\/span>\t<\/div>\n<\/div><div class=\"product-small col has-hover product type-product post-21239 status-publish instock product_cat-creme-pour-le-soin-du-cuir product_tag-chaussure-denfant product_tag-chaussure-pour-femmes product_tag-chaussure-pour-hommes product_tag-cuir-lisse product_tag-gloss product_tag-soins has-post-thumbnail taxable shipping-taxable purchasable product-type-simple\">\n\t<div class=\"col-inner\">\n\t\n<div class=\"badge-container absolute left top z-1\">\n\n<\/div>\n\t<div class=\"product-small box \">\n\t\t<div class=\"box-image\">\n\t\t\t<div class=\"image-none\">\n\t\t\t\t<a href=\"https:\/\/tapir.de\/fr\/shop\/creme-pour-le-cuir-incolore\/\">\n\t\t\t\t\t<img loading=\"lazy\" decoding=\"async\" width=\"350\" height=\"350\" src=\"https:\/\/tapir.de\/wp-content\/uploads\/2020\/03\/80075-Lederpflegecreme-350x350.jpg\" class=\"attachment-woocommerce_thumbnail size-woocommerce_thumbnail\" alt=\"Cr\u00e8me pour le cuir incolore\" srcset=\"https:\/\/tapir.de\/wp-content\/uploads\/2020\/03\/80075-Lederpflegecreme-350x350.jpg 350w, https:\/\/tapir.de\/wp-content\/uploads\/2020\/03\/80075-Lederpflegecreme-400x400.jpg 400w, https:\/\/tapir.de\/wp-content\/uploads\/2020\/03\/80075-Lederpflegecreme-800x800.jpg 800w, https:\/\/tapir.de\/wp-content\/uploads\/2020\/03\/80075-Lederpflegecreme-280x280.jpg 280w, https:\/\/tapir.de\/wp-content\/uploads\/2020\/03\/80075-Lederpflegecreme-768x768.jpg 768w, https:\/\/tapir.de\/wp-content\/uploads\/2020\/03\/80075-Lederpflegecreme-1536x1536.jpg 1536w, https:\/\/tapir.de\/wp-content\/uploads\/2020\/03\/80075-Lederpflegecreme-2048x2048.jpg 2048w, https:\/\/tapir.de\/wp-content\/uploads\/2020\/03\/80075-Lederpflegecreme-1320x1320.jpg 1320w, https:\/\/tapir.de\/wp-content\/uploads\/2020\/03\/80075-Lederpflegecreme-600x600.jpg 600w, https:\/\/tapir.de\/wp-content\/uploads\/2020\/03\/80075-Lederpflegecreme-100x100.jpg 100w\" sizes=\"auto, (max-width: 350px) 100vw, 350px\" \/>\t\t\t\t<\/a>\n\t\t\t<\/div>\n\t\t\t<div class=\"image-tools is-small top right show-on-hover\">\n\t\t\t\t\t\t\t<\/div>\n\t\t\t<div class=\"image-tools is-small hide-for-small bottom left show-on-hover\">\n\t\t\t\t\t\t\t<\/div>\n\t\t\t<div class=\"image-tools grid-tools text-center hide-for-small bottom hover-slide-in show-on-hover\">\n\t\t\t\t\t\t\t<\/div>\n\t\t\t\t\t<\/div>\n\n\t\t<div class=\"box-text box-text-products text-center grid-style-2\">\n\t\t\t<div class=\"title-wrapper\"><p class=\"name product-title woocommerce-loop-product__title\"><a href=\"https:\/\/tapir.de\/fr\/shop\/creme-pour-le-cuir-incolore\/\" class=\"woocommerce-LoopProduct-link woocommerce-loop-product__link\">Cr\u00e8me pour le cuir incolore<\/a><\/p><\/div><div class=\"price-wrapper\"><\/a><p class=\"price\"><small><\/small><span class=\"woocommerce-Price-amount amount\"><bdi>9,90&nbsp;<span class=\"woocommerce-Price-currencySymbol\">&euro;<\/span><\/bdi><\/span><\/p>\n\t\t<div class=\"wgm-info woocommerce-de_price_taxrate \"><\/div>\n\t\t<span class=\"wgm-info price-per-unit price-per-unit-loop ppu-variation-wrap\">(<span class=\"woocommerce-Price-amount amount\"><bdi>13,20&nbsp;<span class=\"woocommerce-Price-currencySymbol\">&euro;<\/span><\/bdi><\/span> \/ 100 cm)<\/span><div class=\"wgm-info woocommerce_de_versandkosten\">En plus <a>du transport<\/a> maritime<\/div><\/div><div class=\"add-to-cart-button\"><a href=\"\/fr\/wp-json\/wp\/v2\/posts\/23367?add-to-cart=21239\" aria-describedby=\"woocommerce_loop_add_to_cart_link_describedby_21239\" data-quantity=\"1\" class=\"primary is-small mb-0 button product_type_simple add_to_cart_button ajax_add_to_cart is-outline\" data-product_id=\"21239\" data-product_sku=\"80075\" aria-label=\"Ajouter au panier\u00a0: &ldquo;Cr\u00e8me pour le cuir incolore&rdquo;\" rel=\"nofollow\" data-success_message=\"\u00ab\u00a0Cr\u00e8me pour le cuir incolore\u00a0\u00bb a \u00e9t\u00e9 ajout\u00e9 \u00e0 votre panier\" role=\"button\">Ajouter au panier<\/a><\/div>\t<span id=\"woocommerce_loop_add_to_cart_link_describedby_21239\" class=\"screen-reader-text\">\n\t\t\t<\/span>\n\t\t<\/div>\n\t<\/div>\n\t<span class=\"gtm4wp_productdata\" style=\"display:none; visibility:hidden;\" data-gtm4wp_product_data=\"{&quot;internal_id&quot;:21239,&quot;item_id&quot;:21239,&quot;item_name&quot;:&quot;Cr\\u00e8me pour le cuir incolore&quot;,&quot;sku&quot;:&quot;80075&quot;,&quot;price&quot;:9.9000000000000003552713678800500929355621337890625,&quot;stocklevel&quot;:null,&quot;stockstatus&quot;:&quot;instock&quot;,&quot;google_business_vertical&quot;:&quot;retail&quot;,&quot;item_category&quot;:&quot;Cr\\u00e8me pour le soin du cuir&quot;,&quot;id&quot;:21239,&quot;productlink&quot;:&quot;https:\\\/\\\/tapir.de\\\/fr\\\/shop\\\/creme-pour-le-cuir-incolore\\\/&quot;,&quot;item_list_name&quot;:&quot;Liste g\\u00e9n\\u00e9rale des produits&quot;,&quot;index&quot;:26,&quot;product_type&quot;:&quot;simple&quot;,&quot;item_brand&quot;:&quot;&quot;}\"><\/span>\t<\/div>\n<\/div><div class=\"product-small col has-hover product type-product post-20947 status-publish last instock product_cat-brosses product_tag-accessoires has-post-thumbnail taxable shipping-taxable purchasable product-type-simple\">\n\t<div class=\"col-inner\">\n\t\n<div class=\"badge-container absolute left top z-1\">\n\n<\/div>\n\t<div class=\"product-small box \">\n\t\t<div class=\"box-image\">\n\t\t\t<div class=\"image-none\">\n\t\t\t\t<a href=\"https:\/\/tapir.de\/fr\/shop\/brosse-dapplication-ronde-en-crin-de-cheval-fonce\/\">\n\t\t\t\t\t<img loading=\"lazy\" decoding=\"async\" width=\"350\" height=\"350\" src=\"https:\/\/tapir.de\/wp-content\/uploads\/2025\/01\/00906_Runde_Auftragsbuerste_aus_dunklem_Rosshaar_1-350x350.jpg\" class=\"attachment-woocommerce_thumbnail size-woocommerce_thumbnail\" alt=\"Brosse d\u2019application ronde en crin de cheval fonc\u00e9\" srcset=\"https:\/\/tapir.de\/wp-content\/uploads\/2025\/01\/00906_Runde_Auftragsbuerste_aus_dunklem_Rosshaar_1-350x350.jpg 350w, https:\/\/tapir.de\/wp-content\/uploads\/2025\/01\/00906_Runde_Auftragsbuerste_aus_dunklem_Rosshaar_1-400x400.jpg 400w, https:\/\/tapir.de\/wp-content\/uploads\/2025\/01\/00906_Runde_Auftragsbuerste_aus_dunklem_Rosshaar_1-800x800.jpg 800w, https:\/\/tapir.de\/wp-content\/uploads\/2025\/01\/00906_Runde_Auftragsbuerste_aus_dunklem_Rosshaar_1-280x280.jpg 280w, https:\/\/tapir.de\/wp-content\/uploads\/2025\/01\/00906_Runde_Auftragsbuerste_aus_dunklem_Rosshaar_1-768x768.jpg 768w, https:\/\/tapir.de\/wp-content\/uploads\/2025\/01\/00906_Runde_Auftragsbuerste_aus_dunklem_Rosshaar_1-1320x1320.jpg 1320w, https:\/\/tapir.de\/wp-content\/uploads\/2025\/01\/00906_Runde_Auftragsbuerste_aus_dunklem_Rosshaar_1-600x600.jpg 600w, https:\/\/tapir.de\/wp-content\/uploads\/2025\/01\/00906_Runde_Auftragsbuerste_aus_dunklem_Rosshaar_1-100x100.jpg 100w, https:\/\/tapir.de\/wp-content\/uploads\/2025\/01\/00906_Runde_Auftragsbuerste_aus_dunklem_Rosshaar_1.jpg 1500w\" sizes=\"auto, (max-width: 350px) 100vw, 350px\" \/>\t\t\t\t<\/a>\n\t\t\t<\/div>\n\t\t\t<div class=\"image-tools is-small top right show-on-hover\">\n\t\t\t\t\t\t\t<\/div>\n\t\t\t<div class=\"image-tools is-small hide-for-small bottom left show-on-hover\">\n\t\t\t\t\t\t\t<\/div>\n\t\t\t<div class=\"image-tools grid-tools text-center hide-for-small bottom hover-slide-in show-on-hover\">\n\t\t\t\t\t\t\t<\/div>\n\t\t\t\t\t<\/div>\n\n\t\t<div class=\"box-text box-text-products text-center grid-style-2\">\n\t\t\t<div class=\"title-wrapper\"><p class=\"name product-title woocommerce-loop-product__title\"><a href=\"https:\/\/tapir.de\/fr\/shop\/brosse-dapplication-ronde-en-crin-de-cheval-fonce\/\" class=\"woocommerce-LoopProduct-link woocommerce-loop-product__link\">Brosse d\u2019application ronde en crin de cheval fonc\u00e9<\/a><\/p><\/div><div class=\"price-wrapper\"><\/a><p class=\"price\"><small><\/small><span class=\"woocommerce-Price-amount amount\"><bdi>4,50&nbsp;<span class=\"woocommerce-Price-currencySymbol\">&euro;<\/span><\/bdi><\/span><\/p>\n\t\t<div class=\"wgm-info woocommerce-de_price_taxrate \"><\/div>\n\t\t<div class=\"wgm-info woocommerce_de_versandkosten\">En plus <a>du transport<\/a> maritime<\/div><\/div><div class=\"add-to-cart-button\"><a href=\"\/fr\/wp-json\/wp\/v2\/posts\/23367?add-to-cart=20947\" aria-describedby=\"woocommerce_loop_add_to_cart_link_describedby_20947\" data-quantity=\"1\" class=\"primary is-small mb-0 button product_type_simple add_to_cart_button ajax_add_to_cart is-outline\" data-product_id=\"20947\" data-product_sku=\"00906\" aria-label=\"Ajouter au panier\u00a0: &ldquo;Brosse d\u2019application ronde en crin de cheval fonc\u00e9&rdquo;\" rel=\"nofollow\" data-success_message=\"\u00ab\u00a0Brosse d\u2019application ronde en crin de cheval fonc\u00e9\u00a0\u00bb a \u00e9t\u00e9 ajout\u00e9 \u00e0 votre panier\" role=\"button\">Ajouter au panier<\/a><\/div>\t<span id=\"woocommerce_loop_add_to_cart_link_describedby_20947\" class=\"screen-reader-text\">\n\t\t\t<\/span>\n\t\t<\/div>\n\t<\/div>\n\t<span class=\"gtm4wp_productdata\" style=\"display:none; visibility:hidden;\" data-gtm4wp_product_data=\"{&quot;internal_id&quot;:20947,&quot;item_id&quot;:20947,&quot;item_name&quot;:&quot;Brosse d\\u2019application ronde en crin de cheval fonc\\u00e9&quot;,&quot;sku&quot;:&quot;00906&quot;,&quot;price&quot;:4.5,&quot;stocklevel&quot;:null,&quot;stockstatus&quot;:&quot;instock&quot;,&quot;google_business_vertical&quot;:&quot;retail&quot;,&quot;item_category&quot;:&quot;Brosses&quot;,&quot;id&quot;:20947,&quot;productlink&quot;:&quot;https:\\\/\\\/tapir.de\\\/fr\\\/shop\\\/brosse-dapplication-ronde-en-crin-de-cheval-fonce\\\/&quot;,&quot;item_list_name&quot;:&quot;Liste g\\u00e9n\\u00e9rale des produits&quot;,&quot;index&quot;:27,&quot;product_type&quot;:&quot;simple&quot;,&quot;item_brand&quot;:&quot;&quot;}\"><\/span>\t<\/div>\n<\/div><div class=\"product-small col has-hover product type-product post-20872 status-publish first instock product_cat-accessoires product_tag-accessoires product_tag-canape-en-cuir product_tag-cuir-en-daim product_tag-cuir-lisse has-post-thumbnail taxable shipping-taxable purchasable product-type-simple\">\n\t<div class=\"col-inner\">\n\t\n<div class=\"badge-container absolute left top z-1\">\n\n<\/div>\n\t<div class=\"product-small box \">\n\t\t<div class=\"box-image\">\n\t\t\t<div class=\"image-none\">\n\t\t\t\t<a href=\"https:\/\/tapir.de\/fr\/shop\/eponge-gonflante-en-cellulose-naturelle\/\">\n\t\t\t\t\t<img loading=\"lazy\" decoding=\"async\" width=\"350\" height=\"350\" src=\"https:\/\/tapir.de\/wp-content\/uploads\/2020\/07\/Tapir_Quellschwamm-scaled-350x350.jpeg\" class=\"attachment-woocommerce_thumbnail size-woocommerce_thumbnail\" alt=\"\u00c9ponge gonflante en cellulose naturelle\" srcset=\"https:\/\/tapir.de\/wp-content\/uploads\/2020\/07\/Tapir_Quellschwamm-scaled-350x350.jpeg 350w, https:\/\/tapir.de\/wp-content\/uploads\/2020\/07\/Tapir_Quellschwamm-scaled-100x100.jpeg 100w, https:\/\/tapir.de\/wp-content\/uploads\/2020\/07\/Tapir_Quellschwamm-280x280.jpeg 280w\" sizes=\"auto, (max-width: 350px) 100vw, 350px\" \/>\t\t\t\t<\/a>\n\t\t\t<\/div>\n\t\t\t<div class=\"image-tools is-small top right show-on-hover\">\n\t\t\t\t\t\t\t<\/div>\n\t\t\t<div class=\"image-tools is-small hide-for-small bottom left show-on-hover\">\n\t\t\t\t\t\t\t<\/div>\n\t\t\t<div class=\"image-tools grid-tools text-center hide-for-small bottom hover-slide-in show-on-hover\">\n\t\t\t\t\t\t\t<\/div>\n\t\t\t\t\t<\/div>\n\n\t\t<div class=\"box-text box-text-products text-center grid-style-2\">\n\t\t\t<div class=\"title-wrapper\"><p class=\"name product-title woocommerce-loop-product__title\"><a href=\"https:\/\/tapir.de\/fr\/shop\/eponge-gonflante-en-cellulose-naturelle\/\" class=\"woocommerce-LoopProduct-link woocommerce-loop-product__link\">\u00c9ponge gonflante en cellulose naturelle<\/a><\/p><\/div><div class=\"price-wrapper\"><\/a><p class=\"price\"><small><\/small><span class=\"woocommerce-Price-amount amount\"><bdi>3,90&nbsp;<span class=\"woocommerce-Price-currencySymbol\">&euro;<\/span><\/bdi><\/span><\/p>\n\t\t<div class=\"wgm-info woocommerce-de_price_taxrate \"><\/div>\n\t\t<div class=\"wgm-info woocommerce_de_versandkosten\">En plus <a>du transport<\/a> maritime<\/div><\/div><div class=\"add-to-cart-button\"><a href=\"\/fr\/wp-json\/wp\/v2\/posts\/23367?add-to-cart=20872\" aria-describedby=\"woocommerce_loop_add_to_cart_link_describedby_20872\" data-quantity=\"1\" class=\"primary is-small mb-0 button product_type_simple add_to_cart_button ajax_add_to_cart is-outline\" data-product_id=\"20872\" data-product_sku=\"76020\" aria-label=\"Ajouter au panier\u00a0: &ldquo;\u00c9ponge gonflante en cellulose naturelle&rdquo;\" rel=\"nofollow\" data-success_message=\"\u00ab\u00a0\u00c9ponge gonflante en cellulose naturelle\u00a0\u00bb a \u00e9t\u00e9 ajout\u00e9 \u00e0 votre panier\" role=\"button\">Ajouter au panier<\/a><\/div>\t<span id=\"woocommerce_loop_add_to_cart_link_describedby_20872\" class=\"screen-reader-text\">\n\t\t\t<\/span>\n\t\t<\/div>\n\t<\/div>\n\t<span class=\"gtm4wp_productdata\" style=\"display:none; visibility:hidden;\" data-gtm4wp_product_data=\"{&quot;internal_id&quot;:20872,&quot;item_id&quot;:20872,&quot;item_name&quot;:&quot;\\u00c9ponge gonflante en cellulose naturelle&quot;,&quot;sku&quot;:&quot;76020&quot;,&quot;price&quot;:3.899999999999999911182158029987476766109466552734375,&quot;stocklevel&quot;:null,&quot;stockstatus&quot;:&quot;instock&quot;,&quot;google_business_vertical&quot;:&quot;retail&quot;,&quot;item_category&quot;:&quot;Accessoires&quot;,&quot;id&quot;:20872,&quot;productlink&quot;:&quot;https:\\\/\\\/tapir.de\\\/fr\\\/shop\\\/eponge-gonflante-en-cellulose-naturelle\\\/&quot;,&quot;item_list_name&quot;:&quot;Liste g\\u00e9n\\u00e9rale des produits&quot;,&quot;index&quot;:28,&quot;product_type&quot;:&quot;simple&quot;,&quot;item_brand&quot;:&quot;&quot;}\"><\/span>\t<\/div>\n<\/div><div class=\"product-small col has-hover product type-product post-20765 status-publish instock product_cat-brosses product_tag-accessoires has-post-thumbnail taxable shipping-taxable purchasable product-type-simple\">\n\t<div class=\"col-inner\">\n\t\n<div class=\"badge-container absolute left top z-1\">\n\n<\/div>\n\t<div class=\"product-small box \">\n\t\t<div class=\"box-image\">\n\t\t\t<div class=\"image-none\">\n\t\t\t\t<a href=\"https:\/\/tapir.de\/fr\/shop\/brosse-brillante-avec-crin-de-cheval-brun-a-fentes\/\">\n\t\t\t\t\t<img loading=\"lazy\" decoding=\"async\" width=\"350\" height=\"350\" src=\"https:\/\/tapir.de\/wp-content\/uploads\/2025\/01\/00904T_Glanzbuerste_mit_braunem_geschlitztem_Rosshaar_1-350x350.jpg\" class=\"attachment-woocommerce_thumbnail size-woocommerce_thumbnail\" alt=\"Brosse brillante avec crin de cheval brun \u00e0 fentes\" srcset=\"https:\/\/tapir.de\/wp-content\/uploads\/2025\/01\/00904T_Glanzbuerste_mit_braunem_geschlitztem_Rosshaar_1-350x350.jpg 350w, https:\/\/tapir.de\/wp-content\/uploads\/2025\/01\/00904T_Glanzbuerste_mit_braunem_geschlitztem_Rosshaar_1-400x400.jpg 400w, https:\/\/tapir.de\/wp-content\/uploads\/2025\/01\/00904T_Glanzbuerste_mit_braunem_geschlitztem_Rosshaar_1-800x800.jpg 800w, https:\/\/tapir.de\/wp-content\/uploads\/2025\/01\/00904T_Glanzbuerste_mit_braunem_geschlitztem_Rosshaar_1-280x280.jpg 280w, https:\/\/tapir.de\/wp-content\/uploads\/2025\/01\/00904T_Glanzbuerste_mit_braunem_geschlitztem_Rosshaar_1-768x768.jpg 768w, https:\/\/tapir.de\/wp-content\/uploads\/2025\/01\/00904T_Glanzbuerste_mit_braunem_geschlitztem_Rosshaar_1-1320x1320.jpg 1320w, https:\/\/tapir.de\/wp-content\/uploads\/2025\/01\/00904T_Glanzbuerste_mit_braunem_geschlitztem_Rosshaar_1-600x600.jpg 600w, https:\/\/tapir.de\/wp-content\/uploads\/2025\/01\/00904T_Glanzbuerste_mit_braunem_geschlitztem_Rosshaar_1-100x100.jpg 100w, https:\/\/tapir.de\/wp-content\/uploads\/2025\/01\/00904T_Glanzbuerste_mit_braunem_geschlitztem_Rosshaar_1.jpg 1500w\" sizes=\"auto, (max-width: 350px) 100vw, 350px\" \/>\t\t\t\t<\/a>\n\t\t\t<\/div>\n\t\t\t<div class=\"image-tools is-small top right show-on-hover\">\n\t\t\t\t\t\t\t<\/div>\n\t\t\t<div class=\"image-tools is-small hide-for-small bottom left show-on-hover\">\n\t\t\t\t\t\t\t<\/div>\n\t\t\t<div class=\"image-tools grid-tools text-center hide-for-small bottom hover-slide-in show-on-hover\">\n\t\t\t\t\t\t\t<\/div>\n\t\t\t\t\t<\/div>\n\n\t\t<div class=\"box-text box-text-products text-center grid-style-2\">\n\t\t\t<div class=\"title-wrapper\"><p class=\"name product-title woocommerce-loop-product__title\"><a href=\"https:\/\/tapir.de\/fr\/shop\/brosse-brillante-avec-crin-de-cheval-brun-a-fentes\/\" class=\"woocommerce-LoopProduct-link woocommerce-loop-product__link\">Brosse brillante avec crin de cheval brun \u00e0 fentes<\/a><\/p><\/div><div class=\"price-wrapper\"><\/a><p class=\"price\"><small><\/small><span class=\"woocommerce-Price-amount amount\"><bdi>20,90&nbsp;<span class=\"woocommerce-Price-currencySymbol\">&euro;<\/span><\/bdi><\/span><\/p>\n\t\t<div class=\"wgm-info woocommerce-de_price_taxrate \"><\/div>\n\t\t<div class=\"wgm-info woocommerce_de_versandkosten\">En plus <a>du transport<\/a> maritime<\/div><\/div><div class=\"add-to-cart-button\"><a href=\"\/fr\/wp-json\/wp\/v2\/posts\/23367?add-to-cart=20765\" aria-describedby=\"woocommerce_loop_add_to_cart_link_describedby_20765\" data-quantity=\"1\" class=\"primary is-small mb-0 button product_type_simple add_to_cart_button ajax_add_to_cart is-outline\" data-product_id=\"20765\" data-product_sku=\"00904T\" aria-label=\"Ajouter au panier\u00a0: &ldquo;Brosse brillante avec crin de cheval brun \u00e0 fentes&rdquo;\" rel=\"nofollow\" data-success_message=\"\u00ab\u00a0Brosse brillante avec crin de cheval brun \u00e0 fentes\u00a0\u00bb a \u00e9t\u00e9 ajout\u00e9 \u00e0 votre panier\" role=\"button\">Ajouter au panier<\/a><\/div>\t<span id=\"woocommerce_loop_add_to_cart_link_describedby_20765\" class=\"screen-reader-text\">\n\t\t\t<\/span>\n\t\t<\/div>\n\t<\/div>\n\t<span class=\"gtm4wp_productdata\" style=\"display:none; visibility:hidden;\" data-gtm4wp_product_data=\"{&quot;internal_id&quot;:20765,&quot;item_id&quot;:20765,&quot;item_name&quot;:&quot;Brosse brillante avec crin de cheval brun \\u00e0 fentes&quot;,&quot;sku&quot;:&quot;00904T&quot;,&quot;price&quot;:20.89999999999999857891452847979962825775146484375,&quot;stocklevel&quot;:null,&quot;stockstatus&quot;:&quot;instock&quot;,&quot;google_business_vertical&quot;:&quot;retail&quot;,&quot;item_category&quot;:&quot;Brosses&quot;,&quot;id&quot;:20765,&quot;productlink&quot;:&quot;https:\\\/\\\/tapir.de\\\/fr\\\/shop\\\/brosse-brillante-avec-crin-de-cheval-brun-a-fentes\\\/&quot;,&quot;item_list_name&quot;:&quot;Liste g\\u00e9n\\u00e9rale des produits&quot;,&quot;index&quot;:29,&quot;product_type&quot;:&quot;simple&quot;,&quot;item_brand&quot;:&quot;&quot;}\"><\/span>\t<\/div>\n<\/div><\/div>\n\n\t\n  \n    <div class=\"row large-columns-4 medium-columns-3 small-columns-2 row-small has-shadow row-box-shadow-2 slider row-slider slider-nav-reveal slider-nav-push\"  data-flickity-options='{&quot;imagesLoaded&quot;: true, &quot;groupCells&quot;: &quot;100%&quot;, &quot;dragThreshold&quot; : 5, &quot;cellAlign&quot;: &quot;left&quot;,&quot;wrapAround&quot;: true,&quot;prevNextButtons&quot;: true,&quot;percentPosition&quot;: true,&quot;pageDots&quot;: false, &quot;rightToLeft&quot;: false, &quot;autoPlay&quot; : false}' >\n\n  <\/div>\n\n\n\t\t<\/div>\n\t\t\t\t\t<\/div>\n\n\t\n\n<\/div>\n\t\n  \n    <div class=\"row large-columns-4 medium-columns-3 small-columns-2 row-small has-shadow row-box-shadow-2 slider row-slider slider-nav-reveal slider-nav-push\"  data-flickity-options='{&quot;imagesLoaded&quot;: true, &quot;groupCells&quot;: &quot;100%&quot;, &quot;dragThreshold&quot; : 5, &quot;cellAlign&quot;: &quot;left&quot;,&quot;wrapAround&quot;: true,&quot;prevNextButtons&quot;: true,&quot;percentPosition&quot;: true,&quot;pageDots&quot;: false, &quot;rightToLeft&quot;: false, &quot;autoPlay&quot; : false}' >\n\n  <\/div>\n\n\t\n  \n    <div class=\"row large-columns-4 medium-columns-3 small-columns-2 row-small has-shadow row-box-shadow-2 slider row-slider slider-nav-reveal slider-nav-push\"  data-flickity-options='{&quot;imagesLoaded&quot;: true, &quot;groupCells&quot;: &quot;100%&quot;, &quot;dragThreshold&quot; : 5, &quot;cellAlign&quot;: &quot;left&quot;,&quot;wrapAround&quot;: true,&quot;prevNextButtons&quot;: true,&quot;percentPosition&quot;: true,&quot;pageDots&quot;: false, &quot;rightToLeft&quot;: false, &quot;autoPlay&quot; : false}' >\n\n  <\/div>\n\n\n\t\t<\/div>\n\t\t\t\t\t<\/div>\n\n\t\n\n<\/div>\n\n","protected":false},"excerpt":{"rendered":"<p>Erfahren Sie, wie Sie einen braunen Fahrradsattel aus Leder nat\u00fcrlich reinigen und pflegen k\u00f6nnen.<\/p>\n","protected":false},"author":5067,"featured_media":23369,"comment_status":"closed","ping_status":"open","sticky":false,"template":"","format":"standard","meta":{"footnotes":""},"categories":[93],"tags":[1224,724,434,445,421,436,696,451,588,1225,654,652,448,438],"class_list":["post-23367","post","type-post","status-publish","format-standard","has-post-thumbnail","hentry","category-pflegeanleitungen-zur-natuerlichen-pflege-von-materialien-wie-leder-stoff-holz-und-funktionsgeweb","tag-fahrradsattel","tag-farbauffrischung","tag-glattleder","tag-impraegnierung","tag-lederpflege","tag-lederpflegecreme","tag-nachhaltigkeit","tag-natuerliche-lederpflege","tag-pflege","tag-rennradsattel","tag-sattel","tag-sattelpflege","tag-schutz","tag-trockenes-leder"],"yoast_head":"<!-- This site is optimized with the Yoast SEO plugin v27.4 - https:\/\/yoast.com\/product\/yoast-seo-wordpress\/ -->\n<title>Lederpflege, die h\u00e4lt: Nat\u00fcrliche Tipps f\u00fcr den Fahrradsattel von Brooks - Tapir Wachswaren<\/title>\n<meta name=\"description\" content=\"Reinigen und pflegen Sie Ihren Fahrradsattel aus Glattleder nat\u00fcrlich. Damit er auch bei jedem Wetter standh\u00e4lt! Sattel von Brooks.\" \/>\n<meta name=\"robots\" content=\"index, follow, max-snippet:-1, max-image-preview:large, max-video-preview:-1\" \/>\n<link rel=\"canonical\" href=\"https:\/\/tapir.de\/fr\/fahrradsattel-natuerlich-pflegen\/\" \/>\n<meta property=\"og:locale\" content=\"fr_FR\" \/>\n<meta property=\"og:type\" content=\"article\" \/>\n<meta property=\"og:title\" content=\"Lederpflege, die h\u00e4lt: Nat\u00fcrliche Tipps f\u00fcr den Fahrradsattel von Brooks - Tapir Wachswaren\" \/>\n<meta property=\"og:description\" content=\"Reinigen und pflegen Sie Ihren Fahrradsattel aus Glattleder nat\u00fcrlich. Damit er auch bei jedem Wetter standh\u00e4lt! Sattel von Brooks.\" \/>\n<meta property=\"og:url\" content=\"https:\/\/tapir.de\/fr\/fahrradsattel-natuerlich-pflegen\/\" \/>\n<meta property=\"og:site_name\" content=\"Tapir Wachswaren\" \/>\n<meta property=\"article:publisher\" content=\"https:\/\/www.facebook.com\/TapirWachswaren\/\" \/>\n<meta property=\"article:published_time\" content=\"2026-04-24T06:54:51+00:00\" \/>\n<meta property=\"article:modified_time\" content=\"2026-04-24T06:55:15+00:00\" \/>\n<meta property=\"og:image\" content=\"https:\/\/tapir.de\/wp-content\/uploads\/2026\/04\/IMG_8523-scaled.jpeg\" \/>\n\t<meta property=\"og:image:width\" content=\"1920\" \/>\n\t<meta property=\"og:image:height\" content=\"2560\" \/>\n\t<meta property=\"og:image:type\" content=\"image\/jpeg\" \/>\n<meta name=\"author\" content=\"Theresa Habermann\" \/>\n<meta name=\"twitter:card\" content=\"summary_large_image\" \/>\n<meta name=\"twitter:label1\" content=\"\u00c9crit par\" \/>\n\t<meta name=\"twitter:data1\" content=\"Theresa Habermann\" \/>\n\t<meta name=\"twitter:label2\" content=\"Dur\u00e9e de lecture estim\u00e9e\" \/>\n\t<meta name=\"twitter:data2\" content=\"4 minutes\" \/>\n<script type=\"application\/ld+json\" class=\"yoast-schema-graph\">{\"@context\":\"https:\\\/\\\/schema.org\",\"@graph\":[{\"@type\":\"Article\",\"@id\":\"https:\\\/\\\/tapir.de\\\/fr\\\/fahrradsattel-natuerlich-pflegen\\\/#article\",\"isPartOf\":{\"@id\":\"https:\\\/\\\/tapir.de\\\/fr\\\/fahrradsattel-natuerlich-pflegen\\\/\"},\"author\":{\"name\":\"Theresa Habermann\",\"@id\":\"https:\\\/\\\/tapir.de\\\/fr\\\/?lang=en\\\/#\\\/schema\\\/person\\\/57256db446a0db22c061a829cafbfc6c\"},\"headline\":\"Lederpflege, die h\u00e4lt: Nat\u00fcrliche Tipps f\u00fcr den Fahrradsattel von Brooks\",\"datePublished\":\"2026-04-24T06:54:51+00:00\",\"dateModified\":\"2026-04-24T06:55:15+00:00\",\"mainEntityOfPage\":{\"@id\":\"https:\\\/\\\/tapir.de\\\/fr\\\/fahrradsattel-natuerlich-pflegen\\\/\"},\"wordCount\":734,\"publisher\":{\"@id\":\"https:\\\/\\\/tapir.de\\\/fr\\\/?lang=en\\\/#organization\"},\"image\":{\"@id\":\"https:\\\/\\\/tapir.de\\\/fr\\\/fahrradsattel-natuerlich-pflegen\\\/#primaryimage\"},\"thumbnailUrl\":\"https:\\\/\\\/tapir.de\\\/wp-content\\\/uploads\\\/2026\\\/04\\\/IMG_8523-scaled.jpeg\",\"keywords\":[\"Fahrradsattel\",\"Farbauffrischung\",\"Glattleder\",\"Impr\u00e4gnierung\",\"Lederpflege\",\"Lederpflegecreme\",\"Nachhaltigkeit\",\"nat\u00fcrliche Lederpflege\",\"Pflege\",\"Rennradsattel\",\"Sattel\",\"Sattelpflege\",\"Schutz\",\"trockenes Leder\"],\"articleSection\":[\"Pflegeanleitung\"],\"inLanguage\":\"fr-FR\"},{\"@type\":\"WebPage\",\"@id\":\"https:\\\/\\\/tapir.de\\\/fr\\\/fahrradsattel-natuerlich-pflegen\\\/\",\"url\":\"https:\\\/\\\/tapir.de\\\/fr\\\/fahrradsattel-natuerlich-pflegen\\\/\",\"name\":\"Lederpflege, die h\u00e4lt: Nat\u00fcrliche Tipps f\u00fcr den Fahrradsattel von Brooks - Tapir Wachswaren\",\"isPartOf\":{\"@id\":\"https:\\\/\\\/tapir.de\\\/fr\\\/?lang=en\\\/#website\"},\"primaryImageOfPage\":{\"@id\":\"https:\\\/\\\/tapir.de\\\/fr\\\/fahrradsattel-natuerlich-pflegen\\\/#primaryimage\"},\"image\":{\"@id\":\"https:\\\/\\\/tapir.de\\\/fr\\\/fahrradsattel-natuerlich-pflegen\\\/#primaryimage\"},\"thumbnailUrl\":\"https:\\\/\\\/tapir.de\\\/wp-content\\\/uploads\\\/2026\\\/04\\\/IMG_8523-scaled.jpeg\",\"datePublished\":\"2026-04-24T06:54:51+00:00\",\"dateModified\":\"2026-04-24T06:55:15+00:00\",\"description\":\"Reinigen und pflegen Sie Ihren Fahrradsattel aus Glattleder nat\u00fcrlich. Damit er auch bei jedem Wetter standh\u00e4lt! Sattel von Brooks.\",\"breadcrumb\":{\"@id\":\"https:\\\/\\\/tapir.de\\\/fr\\\/fahrradsattel-natuerlich-pflegen\\\/#breadcrumb\"},\"inLanguage\":\"fr-FR\",\"potentialAction\":[{\"@type\":\"ReadAction\",\"target\":[\"https:\\\/\\\/tapir.de\\\/fr\\\/fahrradsattel-natuerlich-pflegen\\\/\"]}]},{\"@type\":\"ImageObject\",\"inLanguage\":\"fr-FR\",\"@id\":\"https:\\\/\\\/tapir.de\\\/fr\\\/fahrradsattel-natuerlich-pflegen\\\/#primaryimage\",\"url\":\"https:\\\/\\\/tapir.de\\\/wp-content\\\/uploads\\\/2026\\\/04\\\/IMG_8523-scaled.jpeg\",\"contentUrl\":\"https:\\\/\\\/tapir.de\\\/wp-content\\\/uploads\\\/2026\\\/04\\\/IMG_8523-scaled.jpeg\",\"width\":1920,\"height\":2560,\"caption\":\"Fahrradsattel aus Leder nat\u00fcrlich gepflegt\"},{\"@type\":\"BreadcrumbList\",\"@id\":\"https:\\\/\\\/tapir.de\\\/fr\\\/fahrradsattel-natuerlich-pflegen\\\/#breadcrumb\",\"itemListElement\":[{\"@type\":\"ListItem\",\"position\":1,\"name\":\"Startseite\",\"item\":\"https:\\\/\\\/tapir.de\\\/fr\\\/\"},{\"@type\":\"ListItem\",\"position\":2,\"name\":\"Lederpflege, die h\u00e4lt: Nat\u00fcrliche Tipps f\u00fcr den Fahrradsattel von Brooks\"}]},{\"@type\":\"WebSite\",\"@id\":\"https:\\\/\\\/tapir.de\\\/fr\\\/?lang=en\\\/#website\",\"url\":\"https:\\\/\\\/tapir.de\\\/fr\\\/?lang=en\\\/\",\"name\":\"Tapir Wachswaren\",\"description\":\"Nat\u00fcrliche Pflegeprodukte f\u00fcr Leder, Textil und Holz\",\"publisher\":{\"@id\":\"https:\\\/\\\/tapir.de\\\/fr\\\/?lang=en\\\/#organization\"},\"potentialAction\":[{\"@type\":\"SearchAction\",\"target\":{\"@type\":\"EntryPoint\",\"urlTemplate\":\"https:\\\/\\\/tapir.de\\\/fr\\\/?lang=en\\\/?s={search_term_string}\"},\"query-input\":{\"@type\":\"PropertyValueSpecification\",\"valueRequired\":true,\"valueName\":\"search_term_string\"}}],\"inLanguage\":\"fr-FR\"},{\"@type\":\"Organization\",\"@id\":\"https:\\\/\\\/tapir.de\\\/fr\\\/?lang=en\\\/#organization\",\"name\":\"Tapir Wachswaren\",\"url\":\"https:\\\/\\\/tapir.de\\\/fr\\\/?lang=en\\\/\",\"logo\":{\"@type\":\"ImageObject\",\"inLanguage\":\"fr-FR\",\"@id\":\"https:\\\/\\\/tapir.de\\\/fr\\\/?lang=en\\\/#\\\/schema\\\/logo\\\/image\\\/\",\"url\":\"https:\\\/\\\/tapir.de\\\/wp-content\\\/uploads\\\/2020\\\/11\\\/cropped-TAPIR_Wachswaren_logo.png\",\"contentUrl\":\"https:\\\/\\\/tapir.de\\\/wp-content\\\/uploads\\\/2020\\\/11\\\/cropped-TAPIR_Wachswaren_logo.png\",\"width\":512,\"height\":512,\"caption\":\"Tapir Wachswaren\"},\"image\":{\"@id\":\"https:\\\/\\\/tapir.de\\\/fr\\\/?lang=en\\\/#\\\/schema\\\/logo\\\/image\\\/\"},\"sameAs\":[\"https:\\\/\\\/www.facebook.com\\\/TapirWachswaren\\\/\",\"https:\\\/\\\/www.instagram.com\\\/tapir_pflegeprodukte\\\/?hl=de\"]},{\"@type\":\"Person\",\"@id\":\"https:\\\/\\\/tapir.de\\\/fr\\\/?lang=en\\\/#\\\/schema\\\/person\\\/57256db446a0db22c061a829cafbfc6c\",\"name\":\"Theresa Habermann\",\"image\":{\"@type\":\"ImageObject\",\"inLanguage\":\"fr-FR\",\"@id\":\"https:\\\/\\\/secure.gravatar.com\\\/avatar\\\/325a49520f15902bd8c5825b39e2c3013aff6d34bed7c310832626b3143dd554?s=96&d=mm&r=g\",\"url\":\"https:\\\/\\\/secure.gravatar.com\\\/avatar\\\/325a49520f15902bd8c5825b39e2c3013aff6d34bed7c310832626b3143dd554?s=96&d=mm&r=g\",\"contentUrl\":\"https:\\\/\\\/secure.gravatar.com\\\/avatar\\\/325a49520f15902bd8c5825b39e2c3013aff6d34bed7c310832626b3143dd554?s=96&d=mm&r=g\",\"caption\":\"Theresa Habermann\"}}]}<\/script>\n<!-- \/ Yoast SEO plugin. -->","yoast_head_json":{"title":"Lederpflege, die h\u00e4lt: Nat\u00fcrliche Tipps f\u00fcr den Fahrradsattel von Brooks - Tapir Wachswaren","description":"Reinigen und pflegen Sie Ihren Fahrradsattel aus Glattleder nat\u00fcrlich. Damit er auch bei jedem Wetter standh\u00e4lt! Sattel von Brooks.","robots":{"index":"index","follow":"follow","max-snippet":"max-snippet:-1","max-image-preview":"max-image-preview:large","max-video-preview":"max-video-preview:-1"},"canonical":"https:\/\/tapir.de\/fr\/fahrradsattel-natuerlich-pflegen\/","og_locale":"fr_FR","og_type":"article","og_title":"Lederpflege, die h\u00e4lt: Nat\u00fcrliche Tipps f\u00fcr den Fahrradsattel von Brooks - Tapir Wachswaren","og_description":"Reinigen und pflegen Sie Ihren Fahrradsattel aus Glattleder nat\u00fcrlich. Damit er auch bei jedem Wetter standh\u00e4lt! Sattel von Brooks.","og_url":"https:\/\/tapir.de\/fr\/fahrradsattel-natuerlich-pflegen\/","og_site_name":"Tapir Wachswaren","article_publisher":"https:\/\/www.facebook.com\/TapirWachswaren\/","article_published_time":"2026-04-24T06:54:51+00:00","article_modified_time":"2026-04-24T06:55:15+00:00","og_image":[{"width":1920,"height":2560,"url":"https:\/\/tapir.de\/wp-content\/uploads\/2026\/04\/IMG_8523-scaled.jpeg","type":"image\/jpeg"}],"author":"Theresa Habermann","twitter_card":"summary_large_image","twitter_misc":{"\u00c9crit par":"Theresa Habermann","Dur\u00e9e de lecture estim\u00e9e":"4 minutes"},"schema":{"@context":"https:\/\/schema.org","@graph":[{"@type":"Article","@id":"https:\/\/tapir.de\/fr\/fahrradsattel-natuerlich-pflegen\/#article","isPartOf":{"@id":"https:\/\/tapir.de\/fr\/fahrradsattel-natuerlich-pflegen\/"},"author":{"name":"Theresa Habermann","@id":"https:\/\/tapir.de\/fr\/?lang=en\/#\/schema\/person\/57256db446a0db22c061a829cafbfc6c"},"headline":"Lederpflege, die h\u00e4lt: Nat\u00fcrliche Tipps f\u00fcr den Fahrradsattel von Brooks","datePublished":"2026-04-24T06:54:51+00:00","dateModified":"2026-04-24T06:55:15+00:00","mainEntityOfPage":{"@id":"https:\/\/tapir.de\/fr\/fahrradsattel-natuerlich-pflegen\/"},"wordCount":734,"publisher":{"@id":"https:\/\/tapir.de\/fr\/?lang=en\/#organization"},"image":{"@id":"https:\/\/tapir.de\/fr\/fahrradsattel-natuerlich-pflegen\/#primaryimage"},"thumbnailUrl":"https:\/\/tapir.de\/wp-content\/uploads\/2026\/04\/IMG_8523-scaled.jpeg","keywords":["Fahrradsattel","Farbauffrischung","Glattleder","Impr\u00e4gnierung","Lederpflege","Lederpflegecreme","Nachhaltigkeit","nat\u00fcrliche Lederpflege","Pflege","Rennradsattel","Sattel","Sattelpflege","Schutz","trockenes Leder"],"articleSection":["Pflegeanleitung"],"inLanguage":"fr-FR"},{"@type":"WebPage","@id":"https:\/\/tapir.de\/fr\/fahrradsattel-natuerlich-pflegen\/","url":"https:\/\/tapir.de\/fr\/fahrradsattel-natuerlich-pflegen\/","name":"Lederpflege, die h\u00e4lt: Nat\u00fcrliche Tipps f\u00fcr den Fahrradsattel von Brooks - Tapir Wachswaren","isPartOf":{"@id":"https:\/\/tapir.de\/fr\/?lang=en\/#website"},"primaryImageOfPage":{"@id":"https:\/\/tapir.de\/fr\/fahrradsattel-natuerlich-pflegen\/#primaryimage"},"image":{"@id":"https:\/\/tapir.de\/fr\/fahrradsattel-natuerlich-pflegen\/#primaryimage"},"thumbnailUrl":"https:\/\/tapir.de\/wp-content\/uploads\/2026\/04\/IMG_8523-scaled.jpeg","datePublished":"2026-04-24T06:54:51+00:00","dateModified":"2026-04-24T06:55:15+00:00","description":"Reinigen und pflegen Sie Ihren Fahrradsattel aus Glattleder nat\u00fcrlich. Damit er auch bei jedem Wetter standh\u00e4lt! Sattel von Brooks.","breadcrumb":{"@id":"https:\/\/tapir.de\/fr\/fahrradsattel-natuerlich-pflegen\/#breadcrumb"},"inLanguage":"fr-FR","potentialAction":[{"@type":"ReadAction","target":["https:\/\/tapir.de\/fr\/fahrradsattel-natuerlich-pflegen\/"]}]},{"@type":"ImageObject","inLanguage":"fr-FR","@id":"https:\/\/tapir.de\/fr\/fahrradsattel-natuerlich-pflegen\/#primaryimage","url":"https:\/\/tapir.de\/wp-content\/uploads\/2026\/04\/IMG_8523-scaled.jpeg","contentUrl":"https:\/\/tapir.de\/wp-content\/uploads\/2026\/04\/IMG_8523-scaled.jpeg","width":1920,"height":2560,"caption":"Fahrradsattel aus Leder nat\u00fcrlich gepflegt"},{"@type":"BreadcrumbList","@id":"https:\/\/tapir.de\/fr\/fahrradsattel-natuerlich-pflegen\/#breadcrumb","itemListElement":[{"@type":"ListItem","position":1,"name":"Startseite","item":"https:\/\/tapir.de\/fr\/"},{"@type":"ListItem","position":2,"name":"Lederpflege, die h\u00e4lt: Nat\u00fcrliche Tipps f\u00fcr den Fahrradsattel von Brooks"}]},{"@type":"WebSite","@id":"https:\/\/tapir.de\/fr\/?lang=en\/#website","url":"https:\/\/tapir.de\/fr\/?lang=en\/","name":"Tapir Wachswaren","description":"Nat\u00fcrliche Pflegeprodukte f\u00fcr Leder, Textil und Holz","publisher":{"@id":"https:\/\/tapir.de\/fr\/?lang=en\/#organization"},"potentialAction":[{"@type":"SearchAction","target":{"@type":"EntryPoint","urlTemplate":"https:\/\/tapir.de\/fr\/?lang=en\/?s={search_term_string}"},"query-input":{"@type":"PropertyValueSpecification","valueRequired":true,"valueName":"search_term_string"}}],"inLanguage":"fr-FR"},{"@type":"Organization","@id":"https:\/\/tapir.de\/fr\/?lang=en\/#organization","name":"Tapir Wachswaren","url":"https:\/\/tapir.de\/fr\/?lang=en\/","logo":{"@type":"ImageObject","inLanguage":"fr-FR","@id":"https:\/\/tapir.de\/fr\/?lang=en\/#\/schema\/logo\/image\/","url":"https:\/\/tapir.de\/wp-content\/uploads\/2020\/11\/cropped-TAPIR_Wachswaren_logo.png","contentUrl":"https:\/\/tapir.de\/wp-content\/uploads\/2020\/11\/cropped-TAPIR_Wachswaren_logo.png","width":512,"height":512,"caption":"Tapir Wachswaren"},"image":{"@id":"https:\/\/tapir.de\/fr\/?lang=en\/#\/schema\/logo\/image\/"},"sameAs":["https:\/\/www.facebook.com\/TapirWachswaren\/","https:\/\/www.instagram.com\/tapir_pflegeprodukte\/?hl=de"]},{"@type":"Person","@id":"https:\/\/tapir.de\/fr\/?lang=en\/#\/schema\/person\/57256db446a0db22c061a829cafbfc6c","name":"Theresa Habermann","image":{"@type":"ImageObject","inLanguage":"fr-FR","@id":"https:\/\/secure.gravatar.com\/avatar\/325a49520f15902bd8c5825b39e2c3013aff6d34bed7c310832626b3143dd554?s=96&d=mm&r=g","url":"https:\/\/secure.gravatar.com\/avatar\/325a49520f15902bd8c5825b39e2c3013aff6d34bed7c310832626b3143dd554?s=96&d=mm&r=g","contentUrl":"https:\/\/secure.gravatar.com\/avatar\/325a49520f15902bd8c5825b39e2c3013aff6d34bed7c310832626b3143dd554?s=96&d=mm&r=g","caption":"Theresa Habermann"}}]}},"_links":{"self":[{"href":"https:\/\/tapir.de\/fr\/wp-json\/wp\/v2\/posts\/23367","targetHints":{"allow":["GET"]}}],"collection":[{"href":"https:\/\/tapir.de\/fr\/wp-json\/wp\/v2\/posts"}],"about":[{"href":"https:\/\/tapir.de\/fr\/wp-json\/wp\/v2\/types\/post"}],"author":[{"embeddable":true,"href":"https:\/\/tapir.de\/fr\/wp-json\/wp\/v2\/users\/5067"}],"replies":[{"embeddable":true,"href":"https:\/\/tapir.de\/fr\/wp-json\/wp\/v2\/comments?post=23367"}],"version-history":[{"count":10,"href":"https:\/\/tapir.de\/fr\/wp-json\/wp\/v2\/posts\/23367\/revisions"}],"predecessor-version":[{"id":23739,"href":"https:\/\/tapir.de\/fr\/wp-json\/wp\/v2\/posts\/23367\/revisions\/23739"}],"wp:featuredmedia":[{"embeddable":true,"href":"https:\/\/tapir.de\/fr\/wp-json\/wp\/v2\/media\/23369"}],"wp:attachment":[{"href":"https:\/\/tapir.de\/fr\/wp-json\/wp\/v2\/media?parent=23367"}],"wp:term":[{"taxonomy":"category","embeddable":true,"href":"https:\/\/tapir.de\/fr\/wp-json\/wp\/v2\/categories?post=23367"},{"taxonomy":"post_tag","embeddable":true,"href":"https:\/\/tapir.de\/fr\/wp-json\/wp\/v2\/tags?post=23367"}],"curies":[{"name":"wp","href":"https:\/\/api.w.org\/{rel}","templated":true}]}}